{"id":4743,"date":"2012-11-29T20:12:31","date_gmt":"2012-11-29T23:12:31","guid":{"rendered":"http:\/\/www.bibliotecadeseguranca.com.br\/en\/?p=4743"},"modified":"2014-02-06T00:50:31","modified_gmt":"2014-02-06T03:50:31","slug":"logica-das-provas-em-materia-criminal","status":"publish","type":"post","link":"https:\/\/www.bibliotecadeseguranca.com.br\/en\/livros\/logica-das-provas-em-materia-criminal\/","title":{"rendered":"L\u00f3gica das Provas em Mat\u00e9ria Criminal"},"content":{"rendered":"<p><strong><img loading=\"lazy\" decoding=\"async\" class=\"alignleft size-full wp-image-4744\" title=\"L\u00f3gica das Provas em Mat\u00e9ria Criminal\" alt=\"\" src=\"http:\/\/www.bibliotecadeseguranca.com.br\/en\/wp-content\/uploads\/2012\/11\/logica-das-provas-em-materia-criminal.jpg\" width=\"140\" height=\"200\" srcset=\"https:\/\/www.bibliotecadeseguranca.com.br\/en\/wp-content\/uploads\/2012\/11\/logica-das-provas-em-materia-criminal.jpg 140w, https:\/\/www.bibliotecadeseguranca.com.br\/en\/wp-content\/uploads\/2012\/11\/logica-das-provas-em-materia-criminal-105x150.jpg 105w\" sizes=\"auto, (max-width: 140px) 100vw, 140px\" \/><span style=\"color: #003366;\">Nicola Framarino Dei Malatesta<\/span><\/strong><\/p>\n<p><span style=\"color: #003366;\"><strong>Publisher Bookseller<\/strong><\/span><\/p>\n<p><span style=\"color: #003366;\"><strong>Overview:<\/strong><\/span> O livro \u00e9 dividido em cinco partes. Na primeira, traz uma an\u00e1lise dos estados da alma, relativos ao conhecimento da realidade. Na segunda, versa sobre a Prova de uma maneira gen\u00e9rica. Na terceira, quarta e quinta partes, o autor classifica as Provas respectivamente em tr\u00eas esp\u00e9cies diferentes &#8211; Prova Objetiva (subdividida em Direta e Indireta); Prova Subjetiva (subdividida em Real e Pessoal); e, por \u00faltimo, Prova Formal (subdividida em Testemunhal, Documental e Material).<\/p>\n","protected":false},"excerpt":{"rendered":"<p>Nicola Framarino Dei Malatesta Publisher Bookseller Overview: O livro \u00e9 dividido em cinco partes. Na primeira, traz uma an\u00e1lise dos estados da alma, relativos ao conhecimento da realidade. Na segunda, versa sobre a Prova de uma maneira gen\u00e9rica. Na terceira, quarta e quinta partes, o autor classifica as Provas respectivamente em tr\u00eas esp\u00e9cies diferentes &#8211; Prova Objetiva (subdividida em Direta e Indireta); Prova Subjetiva (subdividida em Real e Pessoal); e,&hellip; <\/p>\n","protected":false},"author":3,"featured_media":4744,"comment_status":"open","ping_status":"closed","sticky":false,"template":"","format":"standard","meta":{"footnotes":""},"categories":[6,26],"tags":[],"class_list":["post-4743","post","type-post","status-publish","format-standard","has-post-thumbnail","hentry","category-livros","category-outros"],"views":454,"_links":{"self":[{"href":"https:\/\/www.bibliotecadeseguranca.com.br\/en\/wp-json\/wp\/v2\/posts\/4743","targetHints":{"allow":["GET"]}}],"collection":[{"href":"https:\/\/www.bibliotecadeseguranca.com.br\/en\/wp-json\/wp\/v2\/posts"}],"about":[{"href":"https:\/\/www.bibliotecadeseguranca.com.br\/en\/wp-json\/wp\/v2\/types\/post"}],"author":[{"embeddable":true,"href":"https:\/\/www.bibliotecadeseguranca.com.br\/en\/wp-json\/wp\/v2\/users\/3"}],"replies":[{"embeddable":true,"href":"https:\/\/www.bibliotecadeseguranca.com.br\/en\/wp-json\/wp\/v2\/comments?post=4743"}],"version-history":[{"count":3,"href":"https:\/\/www.bibliotecadeseguranca.com.br\/en\/wp-json\/wp\/v2\/posts\/4743\/revisions"}],"predecessor-version":[{"id":9641,"href":"https:\/\/www.bibliotecadeseguranca.com.br\/en\/wp-json\/wp\/v2\/posts\/4743\/revisions\/9641"}],"wp:featuredmedia":[{"embeddable":true,"href":"https:\/\/www.bibliotecadeseguranca.com.br\/en\/wp-json\/wp\/v2\/media\/4744"}],"wp:attachment":[{"href":"https:\/\/www.bibliotecadeseguranca.com.br\/en\/wp-json\/wp\/v2\/media?parent=4743"}],"wp:term":[{"taxonomy":"category","embeddable":true,"href":"https:\/\/www.bibliotecadeseguranca.com.br\/en\/wp-json\/wp\/v2\/categories?post=4743"},{"taxonomy":"post_tag","embeddable":true,"href":"https:\/\/www.bibliotecadeseguranca.com.br\/en\/wp-json\/wp\/v2\/tags?post=4743"}],"curies":[{"name":"wp","href":"https:\/\/api.w.org\/{rel}","templated":true}]}}