{"id":4544,"date":"2012-11-25T20:16:58","date_gmt":"2012-11-25T23:16:58","guid":{"rendered":"http:\/\/www.bibliotecadeseguranca.com.br\/en\/?p=4544"},"modified":"2014-08-20T18:54:03","modified_gmt":"2014-08-20T21:54:03","slug":"revista-brasileira-de-seguranca-publica-6","status":"publish","type":"post","link":"https:\/\/www.bibliotecadeseguranca.com.br\/en\/livros\/revista-brasileira-de-seguranca-publica-6\/","title":{"rendered":"Revista Brasileira de Seguran\u00e7a P\u00fablica 6"},"content":{"rendered":"<p><img loading=\"lazy\" decoding=\"async\" class=\"alignleft size-full wp-image-4545\" title=\"Revista Brasileira de Seguran\u00e7a P\u00fablica 6\" alt=\"\" src=\"http:\/\/www.bibliotecadeseguranca.com.br\/en\/wp-content\/uploads\/2012\/11\/revista-brasileira-de-seguranca-publica-6.jpg\" width=\"140\" height=\"223\" srcset=\"https:\/\/www.bibliotecadeseguranca.com.br\/en\/wp-content\/uploads\/2012\/11\/revista-brasileira-de-seguranca-publica-6.jpg 140w, https:\/\/www.bibliotecadeseguranca.com.br\/en\/wp-content\/uploads\/2012\/11\/revista-brasileira-de-seguranca-publica-6-94x150.jpg 94w\" sizes=\"auto, (max-width: 140px) 100vw, 140px\" \/>O ano de 2009 foi promissor para o debate sobre seguran\u00e7a p\u00fablica em nosso pa\u00eds. A ocorr\u00eancia de in\u00fameras reuni\u00f5es regionais culminou na realiza\u00e7\u00e3o da I Confer\u00eancia Nacional de Seguran\u00e7a P\u00fablica, em agosto de 2009, que marcou um momento hist\u00f3rico de participa\u00e7\u00e3o social nas quest\u00f5es referentes ao setor. J\u00e1 na \u00faltima edi\u00e7\u00e3o da Revista Brasileira de Seguran\u00e7a P\u00fablica, foram publicados alguns artigos que indicavam a import\u00e2ncia desse evento, analisando a participa\u00e7\u00e3o e o impacto que a Confer\u00eancia teria para o desenvolvimento de novas pol\u00edticas p\u00fablicas para o setor.<\/p>\n<p>Nesta nova edi\u00e7\u00e3o, mais dois textos analisam a I Conseg a partir do vi\u00e9s da participa\u00e7\u00e3o social e fortalecimento da democracia no pa\u00eds. Como n\u00e3o podia deixar de ser, o F\u00f3rum Brasileiro de Seguran\u00e7a P\u00fablica aposta na publica\u00e7\u00e3o desses artigos como mais uma forma de intensificar o debate p\u00fablico sobre mecanismos de governan\u00e7a democr\u00e1tica das pol\u00edticas de seguran\u00e7a p\u00fablica e das institui\u00e7\u00f5es policiais. Para al\u00e9m do cen\u00e1rio nacional, marcado pelas discuss\u00f5es acerca da I Conseg, este n\u00famero da revista contempla tamb\u00e9m uma abordagem mais ampla sobre a reforma policial, com exemplos de outros pa\u00edses da Am\u00e9rica Latina, como os casos das pol\u00edcias de Los Angeles e de Providence, ambas nos EUA, e de Chihuahua, M\u00e9xico. A principal mensagem dessas experi\u00eancias \u00e9 que boas pr\u00e1ticas podem ser replicadas, desde que haja controle externo e vontade pol\u00edtica para tanto.<\/p>\n<p>Mais do que privilegiar boas a\u00e7\u00f5es, o F\u00f3rum Brasileiro de Seguran\u00e7a P\u00fablica procura lan\u00e7ar luz sobre pesquisas que analisam o trabalho policial, de forma a indicar poss\u00edveis caminhos para a mudan\u00e7a. \u00c9 o que ocorre com a pesquisa sobre o trabalho policial em Jo\u00e3o Pessoa, no Estado da Para\u00edba, que fornece novos elementos para se pensar no que consiste o trabalho do policial militar naquela capital e, consequentemente, o do policial militar em todo o pa\u00eds.<\/p>\n<p>Aproveitamos para frisar que o F\u00f3rum Brasileiro de Seguran\u00e7a P\u00fablica orgulha-se de, nesses quatro anos de publica\u00e7\u00e3o da Revista Brasileira de Seguran\u00e7a P\u00fablica, ter conseguido consolidar um peri\u00f3dico cient\u00edfico pautado pela qualidade acad\u00eamica e pelo fomento \u00e0 reflex\u00e3o de diferentes segmentos envolvidos no tema. Nesse processo, as for\u00e7as policiais de nosso pa\u00eds t\u00eam sido capazes de refletir sobre o seu pr\u00f3prio trabalho e discutir, de igual para igual, com acad\u00eamicos e gestores, sendo atores fundamentais<br \/>\nno fortalecimento da discuss\u00e3o democr\u00e1tica a respeito das pol\u00edticas p\u00fablicas de seguran\u00e7a do pa\u00eds, e n\u00e3o apenas aqueles que as colocam em pr\u00e1tica. Nos cinco primeiros n\u00fameros da RBSP, mais de 15 artigos de autoria de policiais contribu\u00edram para essa realidade.<\/p>\n<p><a title=\"Revista Brasileira de Seguran\u00e7a P\u00fablica 6\" href=\"http:\/\/www2.forumseguranca.org.br\/node\/200\" target=\"_blank\"><img loading=\"lazy\" decoding=\"async\" class=\"alignleft size-full wp-image-11251\" src=\"http:\/\/www.bibliotecadeseguranca.com.br\/en\/wp-content\/uploads\/2014\/08\/download.gif\" alt=\"Download\" width=\"89\" height=\"25\" \/><\/a><\/p>\n","protected":false},"excerpt":{"rendered":"<p>O ano de 2009 foi promissor para o debate sobre seguran\u00e7a p\u00fablica em nosso pa\u00eds. A ocorr\u00eancia de in\u00fameras reuni\u00f5es regionais culminou na realiza\u00e7\u00e3o da I Confer\u00eancia Nacional de Seguran\u00e7a P\u00fablica, em agosto de 2009, que marcou um momento hist\u00f3rico de participa\u00e7\u00e3o social nas quest\u00f5es referentes ao setor. J\u00e1 na \u00faltima edi\u00e7\u00e3o da Revista Brasileira de Seguran\u00e7a P\u00fablica, foram publicados alguns artigos que indicavam a import\u00e2ncia desse evento, analisando a&hellip; <\/p>\n","protected":false},"author":3,"featured_media":4545,"comment_status":"open","ping_status":"closed","sticky":false,"template":"","format":"standard","meta":{"footnotes":""},"categories":[6,112,25],"tags":[],"class_list":["post-4544","post","type-post","status-publish","format-standard","has-post-thumbnail","hentry","category-livros","category-download","category-seguranca-publica-e-defesa"],"views":362,"_links":{"self":[{"href":"https:\/\/www.bibliotecadeseguranca.com.br\/en\/wp-json\/wp\/v2\/posts\/4544","targetHints":{"allow":["GET"]}}],"collection":[{"href":"https:\/\/www.bibliotecadeseguranca.com.br\/en\/wp-json\/wp\/v2\/posts"}],"about":[{"href":"https:\/\/www.bibliotecadeseguranca.com.br\/en\/wp-json\/wp\/v2\/types\/post"}],"author":[{"embeddable":true,"href":"https:\/\/www.bibliotecadeseguranca.com.br\/en\/wp-json\/wp\/v2\/users\/3"}],"replies":[{"embeddable":true,"href":"https:\/\/www.bibliotecadeseguranca.com.br\/en\/wp-json\/wp\/v2\/comments?post=4544"}],"version-history":[{"count":5,"href":"https:\/\/www.bibliotecadeseguranca.com.br\/en\/wp-json\/wp\/v2\/posts\/4544\/revisions"}],"predecessor-version":[{"id":11305,"href":"https:\/\/www.bibliotecadeseguranca.com.br\/en\/wp-json\/wp\/v2\/posts\/4544\/revisions\/11305"}],"wp:featuredmedia":[{"embeddable":true,"href":"https:\/\/www.bibliotecadeseguranca.com.br\/en\/wp-json\/wp\/v2\/media\/4545"}],"wp:attachment":[{"href":"https:\/\/www.bibliotecadeseguranca.com.br\/en\/wp-json\/wp\/v2\/media?parent=4544"}],"wp:term":[{"taxonomy":"category","embeddable":true,"href":"https:\/\/www.bibliotecadeseguranca.com.br\/en\/wp-json\/wp\/v2\/categories?post=4544"},{"taxonomy":"post_tag","embeddable":true,"href":"https:\/\/www.bibliotecadeseguranca.com.br\/en\/wp-json\/wp\/v2\/tags?post=4544"}],"curies":[{"name":"wp","href":"https:\/\/api.w.org\/{rel}","templated":true}]}}