{"id":4533,"date":"2012-11-25T19:58:09","date_gmt":"2012-11-25T22:58:09","guid":{"rendered":"http:\/\/www.bibliotecadeseguranca.com.br\/en\/?p=4533"},"modified":"2014-08-20T18:54:23","modified_gmt":"2014-08-20T21:54:23","slug":"revista-brasileira-de-seguranca-publica-3","status":"publish","type":"post","link":"https:\/\/www.bibliotecadeseguranca.com.br\/en\/livros\/revista-brasileira-de-seguranca-publica-3\/","title":{"rendered":"Revista Brasileira de Seguran\u00e7a P\u00fablica 3"},"content":{"rendered":"<p><img loading=\"lazy\" decoding=\"async\" class=\"alignleft size-full wp-image-4534\" title=\"Revista Brasileira de Seguran\u00e7a P\u00fablica 3\" alt=\"\" src=\"http:\/\/www.bibliotecadeseguranca.com.br\/en\/wp-content\/uploads\/2012\/11\/revista-brasileira-de-seguranca-publica-3.jpg\" width=\"140\" height=\"226\" srcset=\"https:\/\/www.bibliotecadeseguranca.com.br\/en\/wp-content\/uploads\/2012\/11\/revista-brasileira-de-seguranca-publica-3.jpg 140w, https:\/\/www.bibliotecadeseguranca.com.br\/en\/wp-content\/uploads\/2012\/11\/revista-brasileira-de-seguranca-publica-3-92x150.jpg 92w\" sizes=\"auto, (max-width: 140px) 100vw, 140px\" \/>Chegamos ao terceiro n\u00famero da Revista Brasileira de Seguran\u00e7a P\u00fablica com a sensa\u00e7\u00e3o de dever cumprido e do acerto em publicar um peri\u00f3dico cient\u00edfico dedicado ao tema da seguran\u00e7a p\u00fablica. A revista, ao que tudo indica, est\u00e1 abrindo um espa\u00e7o, que antes n\u00e3o existia, e contribuindo para o debate democr\u00e1tico e qualificado sobre essa \u00e1rea t\u00e3o sens\u00edvel \u00e0 realidade brasileira e, mesmo, latino-americana.<\/p>\n<p>Nossa responsabilidade aumenta e novos desafios nos s\u00e3o impostos: manter a qualidade e atualidade das discuss\u00f5es; fomentar a participa\u00e7\u00e3o de diferentes segmentos e perfis profissionais envolvidos na tem\u00e1tica da seguran\u00e7a p\u00fablica; buscar a excel\u00eancia cient\u00edfica e a conseq\u00fcente indexa\u00e7\u00e3o em sistemas de refer\u00eancia reconhecidos; estabelecer parcerias para tratar de assuntos de interesse nacional e ou regional, entre v\u00e1rios outros que ainda est\u00e3o por vir.<\/p>\n<p>Todo este trajeto n\u00e3o teria sido poss\u00edvel sem o apoio do Conselho de Administra\u00e7\u00e3o do F\u00f3rum Brasileiro de Seguran\u00e7a P\u00fablica, da Funda\u00e7\u00e3o Tinker, do Open Society Institute e de diversas outras institui\u00e7\u00f5es e pessoas que apostam no projeto da Revista e que a incentivam, n\u00e3o obstante todas as dificuldade inerentes \u00e0 publica\u00e7\u00e3o de peri\u00f3dicos cient\u00edficos no Brasil. Como exemplo dessa aposta, n\u00e3o \u00e9 poss\u00edvel deixar de mencionar a presen\u00e7a marcante e serena de Paulo de Mesquita Neto na co-edi\u00e7\u00e3o dos dois primeiros n\u00fameros. Sem d\u00favida, o trabalho silencioso de Paulo, de interlocu\u00e7\u00e3o com autores e revisores, \u00e9 um dos principais respons\u00e1veis pela RBSP chegar at\u00e9 aqui. Infelizmente perdemos Paulo, mas o seu legado de seriedade, rigor e generosidade n\u00e3o ser\u00e1 esquecido.<\/p>\n<p><a title=\"Revista Brasileira de Seguran\u00e7a P\u00fablica 3\" href=\"http:\/\/www2.forumseguranca.org.br\/node\/31\" target=\"_blank\"><img loading=\"lazy\" decoding=\"async\" class=\"alignleft size-full wp-image-11251\" src=\"http:\/\/www.bibliotecadeseguranca.com.br\/en\/wp-content\/uploads\/2014\/08\/download.gif\" alt=\"Download\" width=\"89\" height=\"25\" \/><\/a><\/p>\n","protected":false},"excerpt":{"rendered":"<p>Chegamos ao terceiro n\u00famero da Revista Brasileira de Seguran\u00e7a P\u00fablica com a sensa\u00e7\u00e3o de dever cumprido e do acerto em publicar um peri\u00f3dico cient\u00edfico dedicado ao tema da seguran\u00e7a p\u00fablica. A revista, ao que tudo indica, est\u00e1 abrindo um espa\u00e7o, que antes n\u00e3o existia, e contribuindo para o debate democr\u00e1tico e qualificado sobre essa \u00e1rea t\u00e3o sens\u00edvel \u00e0 realidade brasileira e, mesmo, latino-americana. Nossa responsabilidade aumenta e novos desafios nos&hellip; <\/p>\n","protected":false},"author":3,"featured_media":4534,"comment_status":"open","ping_status":"closed","sticky":false,"template":"","format":"standard","meta":{"footnotes":""},"categories":[6,112,25],"tags":[],"class_list":["post-4533","post","type-post","status-publish","format-standard","has-post-thumbnail","hentry","category-livros","category-download","category-seguranca-publica-e-defesa"],"views":443,"_links":{"self":[{"href":"https:\/\/www.bibliotecadeseguranca.com.br\/en\/wp-json\/wp\/v2\/posts\/4533","targetHints":{"allow":["GET"]}}],"collection":[{"href":"https:\/\/www.bibliotecadeseguranca.com.br\/en\/wp-json\/wp\/v2\/posts"}],"about":[{"href":"https:\/\/www.bibliotecadeseguranca.com.br\/en\/wp-json\/wp\/v2\/types\/post"}],"author":[{"embeddable":true,"href":"https:\/\/www.bibliotecadeseguranca.com.br\/en\/wp-json\/wp\/v2\/users\/3"}],"replies":[{"embeddable":true,"href":"https:\/\/www.bibliotecadeseguranca.com.br\/en\/wp-json\/wp\/v2\/comments?post=4533"}],"version-history":[{"count":6,"href":"https:\/\/www.bibliotecadeseguranca.com.br\/en\/wp-json\/wp\/v2\/posts\/4533\/revisions"}],"predecessor-version":[{"id":11308,"href":"https:\/\/www.bibliotecadeseguranca.com.br\/en\/wp-json\/wp\/v2\/posts\/4533\/revisions\/11308"}],"wp:featuredmedia":[{"embeddable":true,"href":"https:\/\/www.bibliotecadeseguranca.com.br\/en\/wp-json\/wp\/v2\/media\/4534"}],"wp:attachment":[{"href":"https:\/\/www.bibliotecadeseguranca.com.br\/en\/wp-json\/wp\/v2\/media?parent=4533"}],"wp:term":[{"taxonomy":"category","embeddable":true,"href":"https:\/\/www.bibliotecadeseguranca.com.br\/en\/wp-json\/wp\/v2\/categories?post=4533"},{"taxonomy":"post_tag","embeddable":true,"href":"https:\/\/www.bibliotecadeseguranca.com.br\/en\/wp-json\/wp\/v2\/tags?post=4533"}],"curies":[{"name":"wp","href":"https:\/\/api.w.org\/{rel}","templated":true}]}}