{"id":4480,"date":"2012-11-25T17:17:43","date_gmt":"2012-11-25T20:17:43","guid":{"rendered":"http:\/\/www.bibliotecadeseguranca.com.br\/en\/?p=4480"},"modified":"2014-02-06T01:15:01","modified_gmt":"2014-02-06T04:15:01","slug":"violencia-urbana","status":"publish","type":"post","link":"https:\/\/www.bibliotecadeseguranca.com.br\/en\/livros\/violencia-urbana\/","title":{"rendered":"Viol\u00eancia Urbana"},"content":{"rendered":"<p><img loading=\"lazy\" decoding=\"async\" class=\"alignleft size-full wp-image-4481\" title=\"Viol\u00eancia Urbana\" alt=\"\" src=\"http:\/\/www.bibliotecadeseguranca.com.br\/en\/wp-content\/uploads\/2012\/11\/violencia-urbana.jpg\" width=\"150\" height=\"246\" srcset=\"https:\/\/www.bibliotecadeseguranca.com.br\/en\/wp-content\/uploads\/2012\/11\/violencia-urbana.jpg 150w, https:\/\/www.bibliotecadeseguranca.com.br\/en\/wp-content\/uploads\/2012\/11\/violencia-urbana-91x150.jpg 91w\" sizes=\"auto, (max-width: 150px) 100vw, 150px\" \/><span style=\"color: #003366;\"><strong>Paulo S\u00e9rgio Pinheiro e Guilherme Assis de Almeida<\/strong><\/span><\/p>\n<p><span style=\"color: #003366;\"><strong>Publisher Publifolha<\/strong><\/span><\/p>\n<p><span style=\"color: #003366;\"><strong>Overview:<\/strong><\/span> Especialista explica a viol\u00eancia urbana no Brasil e aponta solu\u00e7\u00f5es A viol\u00eancia de car\u00e1ter end\u00eamico, implantada em um sistema de rela\u00e7\u00f5es assim\u00e9tricas, n\u00e3o \u00e9 um fen\u00f4meno novo &#8211; d\u00e1 continuidade a uma longa tradi\u00e7\u00e3o de pr\u00e1ticas de autoritarismo.<br \/>\nA &#8220;Viol\u00eancia Urbana&#8221;, da cole\u00e7\u00e3o &#8220;Folha Explica&#8221;, apresenta n\u00e3o s\u00f3 os patamares da viol\u00eancia urbana no Brasil, mas o contexto maior em que ela se apresenta e indica os caminhos para sua supera\u00e7\u00e3o.<br \/>\nLeia cr\u00edtica &#8220;Viol\u00eancia, vida e esperan\u00e7a&#8221;, publicada \u00e0 \u00e9poca do lan\u00e7amento do livro: O livro \u00e9 assinado por Paulo S\u00e9rgio Pinheiro, que foi considerado pela ONU especialista independente para viol\u00eancia contra a crian\u00e7a e ex-secret\u00e1rio de Estado dos Direitos Humanos, e Guilherme Assis de Almeida, pesquisador do N\u00facleo de Estudos da Viol\u00eancia, da USP.<br \/>\nComo o nome indica, a s\u00e9rie &#8220;Folha Explica&#8221; ambiciona explicar os assuntos tratados e faz\u00ea-lo em um contexto brasileiro: cada livro oferece ao leitor condi\u00e7\u00f5es n\u00e3o apenas para que fique bem informado, mas para que tamb\u00e9m possa refletir sobre o tema, de uma perspectiva atual e consciente das circunst\u00e2ncias do pa\u00eds.<\/p>\n","protected":false},"excerpt":{"rendered":"<p>Paulo S\u00e9rgio Pinheiro e Guilherme Assis de Almeida Publisher Publifolha Overview: Especialista explica a viol\u00eancia urbana no Brasil e aponta solu\u00e7\u00f5es A viol\u00eancia de car\u00e1ter end\u00eamico, implantada em um sistema de rela\u00e7\u00f5es assim\u00e9tricas, n\u00e3o \u00e9 um fen\u00f4meno novo &#8211; d\u00e1 continuidade a uma longa tradi\u00e7\u00e3o de pr\u00e1ticas de autoritarismo. A &#8220;Viol\u00eancia Urbana&#8221;, da cole\u00e7\u00e3o &#8220;Folha Explica&#8221;, apresenta n\u00e3o s\u00f3 os patamares da viol\u00eancia urbana no Brasil, mas o contexto maior&hellip; <\/p>\n","protected":false},"author":3,"featured_media":4481,"comment_status":"open","ping_status":"closed","sticky":false,"template":"","format":"standard","meta":{"footnotes":""},"categories":[6,10,25],"tags":[],"class_list":["post-4480","post","type-post","status-publish","format-standard","has-post-thumbnail","hentry","category-livros","category-crime-violencia-e-criminologia","category-seguranca-publica-e-defesa"],"views":1126,"_links":{"self":[{"href":"https:\/\/www.bibliotecadeseguranca.com.br\/en\/wp-json\/wp\/v2\/posts\/4480","targetHints":{"allow":["GET"]}}],"collection":[{"href":"https:\/\/www.bibliotecadeseguranca.com.br\/en\/wp-json\/wp\/v2\/posts"}],"about":[{"href":"https:\/\/www.bibliotecadeseguranca.com.br\/en\/wp-json\/wp\/v2\/types\/post"}],"author":[{"embeddable":true,"href":"https:\/\/www.bibliotecadeseguranca.com.br\/en\/wp-json\/wp\/v2\/users\/3"}],"replies":[{"embeddable":true,"href":"https:\/\/www.bibliotecadeseguranca.com.br\/en\/wp-json\/wp\/v2\/comments?post=4480"}],"version-history":[{"count":4,"href":"https:\/\/www.bibliotecadeseguranca.com.br\/en\/wp-json\/wp\/v2\/posts\/4480\/revisions"}],"predecessor-version":[{"id":9572,"href":"https:\/\/www.bibliotecadeseguranca.com.br\/en\/wp-json\/wp\/v2\/posts\/4480\/revisions\/9572"}],"wp:featuredmedia":[{"embeddable":true,"href":"https:\/\/www.bibliotecadeseguranca.com.br\/en\/wp-json\/wp\/v2\/media\/4481"}],"wp:attachment":[{"href":"https:\/\/www.bibliotecadeseguranca.com.br\/en\/wp-json\/wp\/v2\/media?parent=4480"}],"wp:term":[{"taxonomy":"category","embeddable":true,"href":"https:\/\/www.bibliotecadeseguranca.com.br\/en\/wp-json\/wp\/v2\/categories?post=4480"},{"taxonomy":"post_tag","embeddable":true,"href":"https:\/\/www.bibliotecadeseguranca.com.br\/en\/wp-json\/wp\/v2\/tags?post=4480"}],"curies":[{"name":"wp","href":"https:\/\/api.w.org\/{rel}","templated":true}]}}