{"id":3148,"date":"2012-09-29T19:50:20","date_gmt":"2012-09-29T22:50:20","guid":{"rendered":"http:\/\/www.bibliotecadeseguranca.com.br\/en\/?p=3148"},"modified":"2014-02-06T02:02:39","modified_gmt":"2014-02-06T05:02:39","slug":"panorama-brasileiro-de-paz-e-seguranca","status":"publish","type":"post","link":"https:\/\/www.bibliotecadeseguranca.com.br\/en\/livros\/panorama-brasileiro-de-paz-e-seguranca\/","title":{"rendered":"Panorama Brasileiro de Paz e Seguran\u00e7a"},"content":{"rendered":"<p><strong><img loading=\"lazy\" decoding=\"async\" class=\"alignleft size-full wp-image-3149\" title=\"Panorama Brasileiro de Paz e Seguran\u00e7a\" alt=\"\" src=\"http:\/\/www.bibliotecadeseguranca.com.br\/en\/wp-content\/uploads\/2012\/09\/panorama-brasileiro-de-paz-e-seguranca.jpg\" width=\"120\" height=\"160\" srcset=\"https:\/\/www.bibliotecadeseguranca.com.br\/en\/wp-content\/uploads\/2012\/09\/panorama-brasileiro-de-paz-e-seguranca.jpg 120w, https:\/\/www.bibliotecadeseguranca.com.br\/en\/wp-content\/uploads\/2012\/09\/panorama-brasileiro-de-paz-e-seguranca-112x150.jpg 112w\" sizes=\"auto, (max-width: 120px) 100vw, 120px\" \/><span style=\"color: #003366;\">Cl\u00f3vis Brigag\u00e3o &amp; Dom\u00edcio Proen\u00e7a Jr<\/span><\/strong><\/p>\n<p><span style=\"color: #003366;\"><strong>Publisher Hucitec<\/strong><\/span><\/p>\n<p><span style=\"color: #003366;\"><strong>Overview:<\/strong><\/span> Este segundo livro da cole\u00e7\u00e3o de Rela\u00e7\u00f5es Internacionais traz importantes contribui\u00e7\u00f5es de autores brasileiros \u00e0s quest\u00f5es de paz e seguran\u00e7a mundiais. Com postura cr\u00edtica e autonomia te\u00f3rica, os ensaios discorrem com clareza sobre direito internacional, armas de destrui\u00e7\u00e3o em massa, o papel das Na\u00e7\u00f5es Unidas, interven\u00e7\u00f5es militares, miss\u00f5es de paz, terrorismo, estudos estrat\u00e9gicos, seguran\u00e7a internacional, e fornecem ao leitor amplo panorama dos principais temas da atualidade nesta \u00e1rea. De grande valia para estudiosos de Rela\u00e7\u00f5es Internacionais, o conjunto desses trabalhos certamente est\u00e1 destinado tamb\u00e9m a se tornar obra de refer\u00eancia obrigat\u00f3ria para todos os interessados em entender o conturbado in\u00edcio deste s\u00e9culo XXI<\/p>\n","protected":false},"excerpt":{"rendered":"<p>Cl\u00f3vis Brigag\u00e3o &amp; Dom\u00edcio Proen\u00e7a Jr Publisher Hucitec Overview: Este segundo livro da cole\u00e7\u00e3o de Rela\u00e7\u00f5es Internacionais traz importantes contribui\u00e7\u00f5es de autores brasileiros \u00e0s quest\u00f5es de paz e seguran\u00e7a mundiais. Com postura cr\u00edtica e autonomia te\u00f3rica, os ensaios discorrem com clareza sobre direito internacional, armas de destrui\u00e7\u00e3o em massa, o papel das Na\u00e7\u00f5es Unidas, interven\u00e7\u00f5es militares, miss\u00f5es de paz, terrorismo, estudos estrat\u00e9gicos, seguran\u00e7a internacional, e fornecem ao leitor amplo panorama&hellip; <\/p>\n","protected":false},"author":3,"featured_media":3149,"comment_status":"open","ping_status":"closed","sticky":false,"template":"","format":"standard","meta":{"footnotes":""},"categories":[6,25],"tags":[],"class_list":["post-3148","post","type-post","status-publish","format-standard","has-post-thumbnail","hentry","category-livros","category-seguranca-publica-e-defesa"],"views":738,"_links":{"self":[{"href":"https:\/\/www.bibliotecadeseguranca.com.br\/en\/wp-json\/wp\/v2\/posts\/3148","targetHints":{"allow":["GET"]}}],"collection":[{"href":"https:\/\/www.bibliotecadeseguranca.com.br\/en\/wp-json\/wp\/v2\/posts"}],"about":[{"href":"https:\/\/www.bibliotecadeseguranca.com.br\/en\/wp-json\/wp\/v2\/types\/post"}],"author":[{"embeddable":true,"href":"https:\/\/www.bibliotecadeseguranca.com.br\/en\/wp-json\/wp\/v2\/users\/3"}],"replies":[{"embeddable":true,"href":"https:\/\/www.bibliotecadeseguranca.com.br\/en\/wp-json\/wp\/v2\/comments?post=3148"}],"version-history":[{"count":11,"href":"https:\/\/www.bibliotecadeseguranca.com.br\/en\/wp-json\/wp\/v2\/posts\/3148\/revisions"}],"predecessor-version":[{"id":9410,"href":"https:\/\/www.bibliotecadeseguranca.com.br\/en\/wp-json\/wp\/v2\/posts\/3148\/revisions\/9410"}],"wp:featuredmedia":[{"embeddable":true,"href":"https:\/\/www.bibliotecadeseguranca.com.br\/en\/wp-json\/wp\/v2\/media\/3149"}],"wp:attachment":[{"href":"https:\/\/www.bibliotecadeseguranca.com.br\/en\/wp-json\/wp\/v2\/media?parent=3148"}],"wp:term":[{"taxonomy":"category","embeddable":true,"href":"https:\/\/www.bibliotecadeseguranca.com.br\/en\/wp-json\/wp\/v2\/categories?post=3148"},{"taxonomy":"post_tag","embeddable":true,"href":"https:\/\/www.bibliotecadeseguranca.com.br\/en\/wp-json\/wp\/v2\/tags?post=3148"}],"curies":[{"name":"wp","href":"https:\/\/api.w.org\/{rel}","templated":true}]}}