{"id":3067,"date":"2012-09-25T23:16:09","date_gmt":"2012-09-26T02:16:09","guid":{"rendered":"http:\/\/www.bibliotecadeseguranca.com.br\/en\/?p=3067"},"modified":"2014-02-06T02:09:13","modified_gmt":"2014-02-06T05:09:13","slug":"ministerio-do-silencio","status":"publish","type":"post","link":"https:\/\/www.bibliotecadeseguranca.com.br\/en\/livros\/ministerio-do-silencio\/","title":{"rendered":"Minist\u00e9rio do Sil\u00eancio"},"content":{"rendered":"<p><strong><img loading=\"lazy\" decoding=\"async\" class=\"alignleft size-full wp-image-3261\" title=\"Minist\u00e9rio do Sil\u00eancio\" alt=\"\" src=\"http:\/\/www.bibliotecadeseguranca.com.br\/en\/wp-content\/uploads\/2012\/09\/ministerio-do-silencio.jpg\" width=\"150\" height=\"216\" srcset=\"https:\/\/www.bibliotecadeseguranca.com.br\/en\/wp-content\/uploads\/2012\/09\/ministerio-do-silencio.jpg 150w, https:\/\/www.bibliotecadeseguranca.com.br\/en\/wp-content\/uploads\/2012\/09\/ministerio-do-silencio-104x150.jpg 104w\" sizes=\"auto, (max-width: 150px) 100vw, 150px\" \/><span style=\"color: #003366;\">Lucas Figueiredo<\/span><\/strong><\/p>\n<p><span style=\"color: #003366;\"><strong>Publisher Record<\/strong><\/span><\/p>\n<p><span style=\"color: #003366;\"><strong>Overview:<\/strong><\/span> O texto do jornalista Lucas Figueiredo em Minist\u00e9rio do Sil\u00eancio, lan\u00e7ado pela Editora Record, resulta em 543 p\u00e1ginas de informa\u00e7\u00f5es que calam fundo no sentimento de toda uma gera\u00e7\u00e3o. Toca na cren\u00e7a de um projeto social-democrata para o Pa\u00eds e na j\u00e1 esquecida solidariedade movida pelo mais puro lirismo e uma s\u00f3lida confian\u00e7a nos que tinham a coragem de se opor ao poder opressor dos anos dourados. A bem estruturada pesquisa realizada durante sete anos pelo autor, \u00e9 uma viagem instigante. Sua leitura esclarece fatos e junta os cacos da Hist\u00f3ria para formatar um conjunto precioso de informa\u00e7\u00f5es sobre um per\u00edodo conturbado das nossas vidas.<\/p>\n<p>Como rep\u00f3rteres iniciantes e absolutamente obstinados por uma esp\u00e9cie de destemor inconseq\u00fcente, jornalistas pagavam para ver e fomos, sem muita consci\u00eancia dos riscos inerentes e com uma po\u00e9tica determina\u00e7\u00e3o no futuro de um Estado de Direito socialmente mais equ\u00e2nime, fi\u00e9is aliados das teses liberais. Sob esses aspectos o governo militar tinha raz\u00e3o. As reda\u00e7\u00f5es, principalmente os que faziam as sucursais dos quatro grandes da imprensa brasileira no Recife &#8220;Jornal do Brasil&#8221;, &#8220;Estado de S.Paulo&#8221;, &#8220;O Globo&#8221; e a &#8220;Folha de S.Paulo&#8221; &#8211; eram claramente favor\u00e1veis e, mais do que isso, colaboravam editorialmente com os movimentos da oposi\u00e7\u00e3o ao regime.<\/p>\n<p>Este rep\u00f3rter n\u00e3o compreende, por exemplo, porque, em1974, a censura &#8220;cochilou&#8221; e o &#8220;JB&#8221; do inesquec\u00edvel Nascimento Britto e da condessa Pereira Carneiro foi o \u00fanico a veicular, num valioso espa\u00e7o de uma coluna, a den\u00fancia feita numa pequena sala da Assembl\u00e9ia Legislativa de Pernambuco a um grupo de jornalistas pela ent\u00e3o professora Lilia Collier. Visivelmente abatida ela buscava o paradeiro do sobrinho Eduardo Collier. Naquele instante o &#8220;desaparecimento&#8221; era um mau sinal principalmente para quem pertencia a grupos pol\u00edticos de oposi\u00e7\u00e3o.<\/p>\n<p>Como rep\u00f3rter da sucursal do &#8220;JB&#8221; assinei a mat\u00e9ria sobre a dram\u00e1tica den\u00fancia da corajosa Lilia, num epis\u00f3dio cujo verdadeiro motivo chega \u00e0 informa\u00e7\u00e3o p\u00fablica, rica e detalhadamente situado no novo livro de Lucas Figueiredo. Mais do que confirmar fatos e suspeitas que eram levantadas nos encontros formais e informais das esquerdas da \u00e9poca, as p\u00e1ginas do &#8220;Minist\u00e9rio do Sil\u00eancio&#8221; configuram inclusive uma narra\u00e7\u00e3o rica sobre a guerra civil brasileira travada nas remotas regi\u00f5es do Araguaia.<\/p>\n<p>Foi uma seq\u00fcela t\u00edpica de um movimento de poderes como o de 1964 frente ao qual nenhuma sociedade permaneceria imune, conforme nos ensina a Hist\u00f3ria desde os prim\u00f3rdios do mundo. O mergulho proporcionado por Lucas Figueiredo sobre os fatos e evolu\u00e7\u00f5es dos servi\u00e7os secretos de1927 a2005 no Brasil \u00e9 mais do que um trabalho de f\u00f4lego. Levanos a refletir que continuamos a vivenciar no Brasil um manejo pol\u00edtico de poder p\u00fablico incapaz de se libertar das sombras do passado.<\/p>\n<p>As pr\u00e1ticas fisiol\u00f3gicas para a perman\u00eancia no poder s\u00e3o incompat\u00edveis com a nobreza da miss\u00e3o e das expectativas no plano \u00e9tico de quem deve efetivamente governar. Mas os eleitos do Brasil ainda subestimam o rigor do inevit\u00e1vel julgamento da Hist\u00f3ria e, por isso, certamente o Pa\u00eds permanece t\u00e3o distante da linha de decis\u00f5es capazes de mudar a face da civiliza\u00e7\u00e3o tropical.<\/p>\n","protected":false},"excerpt":{"rendered":"<p>Lucas Figueiredo Publisher Record Overview: O texto do jornalista Lucas Figueiredo em Minist\u00e9rio do Sil\u00eancio, lan\u00e7ado pela Editora Record, resulta em 543 p\u00e1ginas de informa\u00e7\u00f5es que calam fundo no sentimento de toda uma gera\u00e7\u00e3o. Toca na cren\u00e7a de um projeto social-democrata para o Pa\u00eds e na j\u00e1 esquecida solidariedade movida pelo mais puro lirismo e uma s\u00f3lida confian\u00e7a nos que tinham a coragem de se opor ao poder opressor dos&hellip; <\/p>\n","protected":false},"author":3,"featured_media":3261,"comment_status":"open","ping_status":"closed","sticky":false,"template":"","format":"standard","meta":{"footnotes":""},"categories":[6,26],"tags":[],"class_list":["post-3067","post","type-post","status-publish","format-standard","has-post-thumbnail","hentry","category-livros","category-outros"],"views":598,"_links":{"self":[{"href":"https:\/\/www.bibliotecadeseguranca.com.br\/en\/wp-json\/wp\/v2\/posts\/3067","targetHints":{"allow":["GET"]}}],"collection":[{"href":"https:\/\/www.bibliotecadeseguranca.com.br\/en\/wp-json\/wp\/v2\/posts"}],"about":[{"href":"https:\/\/www.bibliotecadeseguranca.com.br\/en\/wp-json\/wp\/v2\/types\/post"}],"author":[{"embeddable":true,"href":"https:\/\/www.bibliotecadeseguranca.com.br\/en\/wp-json\/wp\/v2\/users\/3"}],"replies":[{"embeddable":true,"href":"https:\/\/www.bibliotecadeseguranca.com.br\/en\/wp-json\/wp\/v2\/comments?post=3067"}],"version-history":[{"count":11,"href":"https:\/\/www.bibliotecadeseguranca.com.br\/en\/wp-json\/wp\/v2\/posts\/3067\/revisions"}],"predecessor-version":[{"id":9393,"href":"https:\/\/www.bibliotecadeseguranca.com.br\/en\/wp-json\/wp\/v2\/posts\/3067\/revisions\/9393"}],"wp:featuredmedia":[{"embeddable":true,"href":"https:\/\/www.bibliotecadeseguranca.com.br\/en\/wp-json\/wp\/v2\/media\/3261"}],"wp:attachment":[{"href":"https:\/\/www.bibliotecadeseguranca.com.br\/en\/wp-json\/wp\/v2\/media?parent=3067"}],"wp:term":[{"taxonomy":"category","embeddable":true,"href":"https:\/\/www.bibliotecadeseguranca.com.br\/en\/wp-json\/wp\/v2\/categories?post=3067"},{"taxonomy":"post_tag","embeddable":true,"href":"https:\/\/www.bibliotecadeseguranca.com.br\/en\/wp-json\/wp\/v2\/tags?post=3067"}],"curies":[{"name":"wp","href":"https:\/\/api.w.org\/{rel}","templated":true}]}}