{"id":2942,"date":"2012-09-21T22:55:13","date_gmt":"2012-09-22T01:55:13","guid":{"rendered":"http:\/\/www.bibliotecadeseguranca.com.br\/en\/?p=2942"},"modified":"2014-02-06T02:14:48","modified_gmt":"2014-02-06T05:14:48","slug":"gestao-do-conhecimento","status":"publish","type":"post","link":"https:\/\/www.bibliotecadeseguranca.com.br\/en\/livros\/gestao-do-conhecimento\/","title":{"rendered":"Gest\u00e3o do Conhecimento"},"content":{"rendered":"<p><strong><img loading=\"lazy\" decoding=\"async\" class=\"alignleft size-full wp-image-3028\" title=\"Gest\u00e3o do Conhecimento\" alt=\"\" src=\"http:\/\/www.bibliotecadeseguranca.com.br\/en\/wp-content\/uploads\/2012\/09\/gestao-do-conhecimento.jpg\" width=\"136\" height=\"200\" srcset=\"https:\/\/www.bibliotecadeseguranca.com.br\/en\/wp-content\/uploads\/2012\/09\/gestao-do-conhecimento.jpg 136w, https:\/\/www.bibliotecadeseguranca.com.br\/en\/wp-content\/uploads\/2012\/09\/gestao-do-conhecimento-102x150.jpg 102w\" sizes=\"auto, (max-width: 136px) 100vw, 136px\" \/><span style=\"color: #003366;\">Jos\u00e9 Claudio Cirineu Terra<\/span><\/strong><\/p>\n<p><span style=\"color: #003366;\"><strong>Publisher Neg\u00f3cio Editora<\/strong><\/span><\/p>\n<p style=\"text-align: justify;\"><span style=\"color: #003366;\"><strong>Overview: <\/strong><\/span>Hoje, o conhecimento n\u00e3o pode mais estar restrito a c\u00edrculos acad\u00eamicos e culturais: ele precisa estar nas atividades empresariais e comerciais. Ainda que os puristas protestem, o conhecimento invade o mundo comercial e passa a ser a alternativa para o desenvolvimento das empresas e das na\u00e7\u00f5es. Tudo isso se potencializa no caso do Brasil, pois n\u00e3o podemos nos dar ao luxo de n\u00e3o tomar certos atalhos ao crescimento. O livro discute casos pr\u00e1ticos, mostrando caminhos e formas criativas e inovadoras de organiza\u00e7\u00e3o que permitem um f\u00f4lego novo \u00e0s empresas e d\u00e3o base para o crescimento sustentado.<\/p>\n","protected":false},"excerpt":{"rendered":"<p>Jos\u00e9 Claudio Cirineu Terra Publisher Neg\u00f3cio Editora Overview: Hoje, o conhecimento n\u00e3o pode mais estar restrito a c\u00edrculos acad\u00eamicos e culturais: ele precisa estar nas atividades empresariais e comerciais. Ainda que os puristas protestem, o conhecimento invade o mundo comercial e passa a ser a alternativa para o desenvolvimento das empresas e das na\u00e7\u00f5es. Tudo isso se potencializa no caso do Brasil, pois n\u00e3o podemos nos dar ao luxo de&hellip; <\/p>\n","protected":false},"author":3,"featured_media":3028,"comment_status":"open","ping_status":"closed","sticky":false,"template":"","format":"standard","meta":{"footnotes":""},"categories":[6,30],"tags":[],"class_list":["post-2942","post","type-post","status-publish","format-standard","has-post-thumbnail","hentry","category-livros","category-espionagem-e-inteligencia-competitiva"],"views":388,"_links":{"self":[{"href":"https:\/\/www.bibliotecadeseguranca.com.br\/en\/wp-json\/wp\/v2\/posts\/2942","targetHints":{"allow":["GET"]}}],"collection":[{"href":"https:\/\/www.bibliotecadeseguranca.com.br\/en\/wp-json\/wp\/v2\/posts"}],"about":[{"href":"https:\/\/www.bibliotecadeseguranca.com.br\/en\/wp-json\/wp\/v2\/types\/post"}],"author":[{"embeddable":true,"href":"https:\/\/www.bibliotecadeseguranca.com.br\/en\/wp-json\/wp\/v2\/users\/3"}],"replies":[{"embeddable":true,"href":"https:\/\/www.bibliotecadeseguranca.com.br\/en\/wp-json\/wp\/v2\/comments?post=2942"}],"version-history":[{"count":9,"href":"https:\/\/www.bibliotecadeseguranca.com.br\/en\/wp-json\/wp\/v2\/posts\/2942\/revisions"}],"predecessor-version":[{"id":9378,"href":"https:\/\/www.bibliotecadeseguranca.com.br\/en\/wp-json\/wp\/v2\/posts\/2942\/revisions\/9378"}],"wp:featuredmedia":[{"embeddable":true,"href":"https:\/\/www.bibliotecadeseguranca.com.br\/en\/wp-json\/wp\/v2\/media\/3028"}],"wp:attachment":[{"href":"https:\/\/www.bibliotecadeseguranca.com.br\/en\/wp-json\/wp\/v2\/media?parent=2942"}],"wp:term":[{"taxonomy":"category","embeddable":true,"href":"https:\/\/www.bibliotecadeseguranca.com.br\/en\/wp-json\/wp\/v2\/categories?post=2942"},{"taxonomy":"post_tag","embeddable":true,"href":"https:\/\/www.bibliotecadeseguranca.com.br\/en\/wp-json\/wp\/v2\/tags?post=2942"}],"curies":[{"name":"wp","href":"https:\/\/api.w.org\/{rel}","templated":true}]}}