{"id":21359,"date":"2026-03-30T14:00:30","date_gmt":"2026-03-30T17:00:30","guid":{"rendered":"https:\/\/www.bibliotecadeseguranca.com.br\/en\/?p=21359"},"modified":"2026-03-30T12:38:51","modified_gmt":"2026-03-30T15:38:51","slug":"reconhecimento-facial-em-tempo-real-e-seguranca-publica","status":"publish","type":"post","link":"https:\/\/www.bibliotecadeseguranca.com.br\/en\/livros\/reconhecimento-facial-em-tempo-real-e-seguranca-publica\/","title":{"rendered":"Reconhecimento Facial em Tempo Real e Seguran\u00e7a P\u00fablica"},"content":{"rendered":"<p><span style=\"color: #003366;\"><strong><img loading=\"lazy\" decoding=\"async\" class=\"alignleft size-full wp-image-21360\" src=\"https:\/\/www.bibliotecadeseguranca.com.br\/en\/wp-content\/uploads\/2026\/03\/reconhecimento-facial-em-tempo-real-e-seguranca-publica.jpg\" alt=\"Reconhecimento Facial em Tempo Real e Seguran\u00e7a P\u00fablica\" width=\"145\" height=\"205\" srcset=\"https:\/\/www.bibliotecadeseguranca.com.br\/en\/wp-content\/uploads\/2026\/03\/reconhecimento-facial-em-tempo-real-e-seguranca-publica.jpg 145w, https:\/\/www.bibliotecadeseguranca.com.br\/en\/wp-content\/uploads\/2026\/03\/reconhecimento-facial-em-tempo-real-e-seguranca-publica-106x150.jpg 106w\" sizes=\"auto, (max-width: 145px) 100vw, 145px\" \/>Thiago Alves Duarte Faerman Soares<\/strong><\/span><\/p>\n<p><span style=\"color: #003366;\"><strong>Publisher Lumen Juris<\/strong><\/span><\/p>\n<p><span style=\"color: #003366;\"><strong>Overview:<\/strong><\/span> O presente trabalho avalia a compatibilidade com a prote\u00e7\u00e3o de Direitos Humanos e com o ordenamento jur\u00eddico brasileiro das previs\u00f5es de uso de reconhecimento facial \u00e0 dist\u00e2ncia e em tempo real na seguran\u00e7a p\u00fablica existentes no Regulamento Europeu da Intelig\u00eancia Artificial (AI Act), tendo em mente, inclusive, que a seguran\u00e7a p\u00fablica revolve direitos fundamentais e humanos multigeracionais. Ap\u00f3s abordar aspectos t\u00e9cnicos e jur\u00eddicos controvertidos de referida tecnologia, inserta no ciclo de vida da intelig\u00eancia artificial, constata-se a possibilidade de regulamenta\u00e7\u00e3o para usos restritos.<\/p>\n<p>O Regulamento Europeu, apesar de eventuais pontos de melhoria, se mostra, em regra, atento aos direitos humanos e fundamentais em voga, enquanto, no Brasil, embora j\u00e1 haja uso, carece-se de regulamenta\u00e7\u00e3o. Embora o Regulamento se trate de relevante fonte normativa, a sua previs\u00e3o gen\u00e9rica em determinados pontos acaba por deixar brechas na implementa\u00e7\u00e3o do sistema. Assim, em complemento \u00e0s previs\u00f5es do Regulamento Europeu, s\u00e3o propostas sugest\u00f5es para fortalecimento da regulamenta\u00e7\u00e3o no cen\u00e1rio nacional em prol da prote\u00e7\u00e3o dos direitos fundamentais e humanos envolvidos.<\/p>\n","protected":false},"excerpt":{"rendered":"<p>Thiago Alves Duarte Faerman Soares Publisher Lumen Juris Overview: O presente trabalho avalia a compatibilidade com a prote\u00e7\u00e3o de Direitos Humanos e com o ordenamento jur\u00eddico brasileiro das previs\u00f5es de uso de reconhecimento facial \u00e0 dist\u00e2ncia e em tempo real na seguran\u00e7a p\u00fablica existentes no Regulamento Europeu da Intelig\u00eancia Artificial (AI Act), tendo em mente, inclusive, que a seguran\u00e7a p\u00fablica revolve direitos fundamentais e humanos multigeracionais. Ap\u00f3s abordar aspectos t\u00e9cnicos&hellip; <\/p>\n","protected":false},"author":3,"featured_media":21360,"comment_status":"open","ping_status":"closed","sticky":false,"template":"","format":"standard","meta":{"footnotes":""},"categories":[130,6,25],"tags":[],"class_list":["post-21359","post","type-post","status-publish","format-standard","has-post-thumbnail","hentry","category-artificial-intelligence-livros","category-livros","category-seguranca-publica-e-defesa"],"views":59,"_links":{"self":[{"href":"https:\/\/www.bibliotecadeseguranca.com.br\/en\/wp-json\/wp\/v2\/posts\/21359","targetHints":{"allow":["GET"]}}],"collection":[{"href":"https:\/\/www.bibliotecadeseguranca.com.br\/en\/wp-json\/wp\/v2\/posts"}],"about":[{"href":"https:\/\/www.bibliotecadeseguranca.com.br\/en\/wp-json\/wp\/v2\/types\/post"}],"author":[{"embeddable":true,"href":"https:\/\/www.bibliotecadeseguranca.com.br\/en\/wp-json\/wp\/v2\/users\/3"}],"replies":[{"embeddable":true,"href":"https:\/\/www.bibliotecadeseguranca.com.br\/en\/wp-json\/wp\/v2\/comments?post=21359"}],"version-history":[{"count":1,"href":"https:\/\/www.bibliotecadeseguranca.com.br\/en\/wp-json\/wp\/v2\/posts\/21359\/revisions"}],"predecessor-version":[{"id":21361,"href":"https:\/\/www.bibliotecadeseguranca.com.br\/en\/wp-json\/wp\/v2\/posts\/21359\/revisions\/21361"}],"wp:featuredmedia":[{"embeddable":true,"href":"https:\/\/www.bibliotecadeseguranca.com.br\/en\/wp-json\/wp\/v2\/media\/21360"}],"wp:attachment":[{"href":"https:\/\/www.bibliotecadeseguranca.com.br\/en\/wp-json\/wp\/v2\/media?parent=21359"}],"wp:term":[{"taxonomy":"category","embeddable":true,"href":"https:\/\/www.bibliotecadeseguranca.com.br\/en\/wp-json\/wp\/v2\/categories?post=21359"},{"taxonomy":"post_tag","embeddable":true,"href":"https:\/\/www.bibliotecadeseguranca.com.br\/en\/wp-json\/wp\/v2\/tags?post=21359"}],"curies":[{"name":"wp","href":"https:\/\/api.w.org\/{rel}","templated":true}]}}