{"id":21265,"date":"2026-02-16T14:00:22","date_gmt":"2026-02-16T17:00:22","guid":{"rendered":"https:\/\/www.bibliotecadeseguranca.com.br\/en\/?p=21265"},"modified":"2026-02-16T13:14:28","modified_gmt":"2026-02-16T16:14:28","slug":"seguranca-escolar-prevencao-multidisciplinar-contra-ataques-ativos","status":"publish","type":"post","link":"https:\/\/www.bibliotecadeseguranca.com.br\/en\/livros\/seguranca-escolar-prevencao-multidisciplinar-contra-ataques-ativos\/","title":{"rendered":"Seguran\u00e7a Escolar &#8211; Preven\u00e7\u00e3o Multidisciplinar Contra-Ataques Ativos"},"content":{"rendered":"<p><span style=\"color: #003366;\"><strong><img loading=\"lazy\" decoding=\"async\" class=\"alignleft size-full wp-image-21266\" src=\"https:\/\/www.bibliotecadeseguranca.com.br\/en\/wp-content\/uploads\/2026\/02\/seguranca-escolar-prevencao-multidisciplinar-contra-ataques-ativos.jpg\" alt=\"Seguran\u00e7a Escolar - Preven\u00e7\u00e3o Multidisciplinar Contra-Ataques Ativos\" width=\"145\" height=\"205\" srcset=\"https:\/\/www.bibliotecadeseguranca.com.br\/en\/wp-content\/uploads\/2026\/02\/seguranca-escolar-prevencao-multidisciplinar-contra-ataques-ativos.jpg 145w, https:\/\/www.bibliotecadeseguranca.com.br\/en\/wp-content\/uploads\/2026\/02\/seguranca-escolar-prevencao-multidisciplinar-contra-ataques-ativos-106x150.jpg 106w\" sizes=\"auto, (max-width: 145px) 100vw, 145px\" \/>Valmor Saraiva Racorti, Adriano Enrico Ratti de Andrade<\/strong><\/span><\/p>\n<p><span style=\"color: #003366;\"><strong>Publisher \u00cdcone<\/strong><\/span><\/p>\n<p><span style=\"color: #003366;\"><strong>Overview:<\/strong><\/span> Nos \u00faltimos anos, lamentavelmente, t\u00eam se intensificado ataques contra locais que deveriam ser santu\u00e1rios de aprendizagem e crescimento, as institui\u00e7\u00f5es de ensino no Brasil. Os causadores desses ataques n\u00e3o demonstram qualquer sinal de empatia com a vida humana, provocando preocupa\u00e7\u00e3o de todos e exigindo respostas eficazes. O presente trabalho nasceu de uma parceria entre os autores, que agregaram seus conhecimentos profissionais nos diferentes n\u00edveis de resposta policial em incidentes cr\u00edticos, bem como em cursos na \u00e1rea de gest\u00e3o de incidentes, para assim fornecer uma abordagem sist\u00eamica, compreensiva e multidisciplinar. Neste livro, mergulharemos nas complexidades desses ataques e buscaremos proporcionar uma abordagem ampla e multidisciplinar para a preven\u00e7\u00e3o e resposta a incidentes cr\u00edticos nas escolas. Por meio de pesquisas s\u00f3lidas, estudos de casos reais e experi\u00eancias pr\u00e1ticas, nosso objetivo \u00e9 equipar educadores, socorristas, pais e todos os interessados com as ferramentas necess\u00e1rias para enfrentar esse desafio. Iniciaremos nossa jornada compreendendo os eventos que moldaram a resposta a essas crises, explorando casos emblem\u00e1ticos, como a trag\u00e9dia na Torre da Universidade do Texas, o massacre no Col\u00e9gio Columbine, o terr\u00edvel epis\u00f3dio no Instituto Polit\u00e9cnico da Virginia e o incidente no Comando de Opera\u00e7\u00f5es Navais da Marinha dos EUA. \u00c0 medida que exploramos essas hist\u00f3rias, lan\u00e7aremos luz sobre os protocolos de atua\u00e7\u00e3o policial que evolu\u00edram em resposta a esses incidentes. Mas nosso enfoque n\u00e3o se limita a protocolos; buscamos compreender a complexidade dos ataques ativos e como podemos preveni-los. No decorrer deste livro, n\u00e3o apenas examinaremos a triste realidade dos ataques ativos, mas tamb\u00e9m as hist\u00f3rias de resili\u00eancia e sobreviv\u00eancia que emergiram desses momentos sombrios. Abordaremos t\u00f3picos como o gerenciamento de incidentes, o papel das equipes de resposta, a din\u00e2mica dos sistemas de comando e controle, bem como uma abordagem preventiva multidisciplinar baseada na an\u00e1lise comportamental e na avalia\u00e7\u00e3o de riscos. A viagem que empreenderemos nestas p\u00e1ginas \u00e9 uma busca por conhecimento, compaix\u00e3o e a\u00e7\u00e3o. \u00c9 um convite para que todos n\u00f3s, como membros de comunidades educacionais e sociedades mais amplas, nos unamos para tornar nossas escolas mais seguras e nossos jovens mais protegidos.<\/p>\n","protected":false},"excerpt":{"rendered":"<p>Valmor Saraiva Racorti, Adriano Enrico Ratti de Andrade Publisher \u00cdcone Overview: Nos \u00faltimos anos, lamentavelmente, t\u00eam se intensificado ataques contra locais que deveriam ser santu\u00e1rios de aprendizagem e crescimento, as institui\u00e7\u00f5es de ensino no Brasil. Os causadores desses ataques n\u00e3o demonstram qualquer sinal de empatia com a vida humana, provocando preocupa\u00e7\u00e3o de todos e exigindo respostas eficazes. O presente trabalho nasceu de uma parceria entre os autores, que agregaram seus&hellip; <\/p>\n","protected":false},"author":3,"featured_media":21266,"comment_status":"open","ping_status":"closed","sticky":false,"template":"","format":"standard","meta":{"footnotes":""},"categories":[6,23,25],"tags":[],"class_list":["post-21265","post","type-post","status-publish","format-standard","has-post-thumbnail","hentry","category-livros","category-enterprise-security-management","category-seguranca-publica-e-defesa"],"views":75,"_links":{"self":[{"href":"https:\/\/www.bibliotecadeseguranca.com.br\/en\/wp-json\/wp\/v2\/posts\/21265","targetHints":{"allow":["GET"]}}],"collection":[{"href":"https:\/\/www.bibliotecadeseguranca.com.br\/en\/wp-json\/wp\/v2\/posts"}],"about":[{"href":"https:\/\/www.bibliotecadeseguranca.com.br\/en\/wp-json\/wp\/v2\/types\/post"}],"author":[{"embeddable":true,"href":"https:\/\/www.bibliotecadeseguranca.com.br\/en\/wp-json\/wp\/v2\/users\/3"}],"replies":[{"embeddable":true,"href":"https:\/\/www.bibliotecadeseguranca.com.br\/en\/wp-json\/wp\/v2\/comments?post=21265"}],"version-history":[{"count":1,"href":"https:\/\/www.bibliotecadeseguranca.com.br\/en\/wp-json\/wp\/v2\/posts\/21265\/revisions"}],"predecessor-version":[{"id":21267,"href":"https:\/\/www.bibliotecadeseguranca.com.br\/en\/wp-json\/wp\/v2\/posts\/21265\/revisions\/21267"}],"wp:featuredmedia":[{"embeddable":true,"href":"https:\/\/www.bibliotecadeseguranca.com.br\/en\/wp-json\/wp\/v2\/media\/21266"}],"wp:attachment":[{"href":"https:\/\/www.bibliotecadeseguranca.com.br\/en\/wp-json\/wp\/v2\/media?parent=21265"}],"wp:term":[{"taxonomy":"category","embeddable":true,"href":"https:\/\/www.bibliotecadeseguranca.com.br\/en\/wp-json\/wp\/v2\/categories?post=21265"},{"taxonomy":"post_tag","embeddable":true,"href":"https:\/\/www.bibliotecadeseguranca.com.br\/en\/wp-json\/wp\/v2\/tags?post=21265"}],"curies":[{"name":"wp","href":"https:\/\/api.w.org\/{rel}","templated":true}]}}