{"id":21152,"date":"2025-12-22T14:00:19","date_gmt":"2025-12-22T17:00:19","guid":{"rendered":"https:\/\/www.bibliotecadeseguranca.com.br\/en\/?p=21152"},"modified":"2025-12-22T12:58:22","modified_gmt":"2025-12-22T15:58:22","slug":"transformando-as-tres-linhas-em-geracao-de-valor-com-a-gestao-de-risco-e-o-sistema-de-controles-internos","status":"publish","type":"post","link":"https:\/\/www.bibliotecadeseguranca.com.br\/en\/livros\/transformando-as-tres-linhas-em-geracao-de-valor-com-a-gestao-de-risco-e-o-sistema-de-controles-internos\/","title":{"rendered":"Transformando as Tr\u00eas Linhas em Gera\u00e7\u00e3o de Valor: com a Gest\u00e3o de Risco e o Sistema de Controles Internos"},"content":{"rendered":"<p><span style=\"color: #003366;\"><strong><img loading=\"lazy\" decoding=\"async\" class=\"alignleft size-full wp-image-21153\" src=\"https:\/\/www.bibliotecadeseguranca.com.br\/en\/wp-content\/uploads\/2025\/12\/transformando-as-tres-linhas-em-geracao-de-valor-com-a-gestao-de-risco-e-o-sistema-de-controles-internos.jpg\" alt=\"Transformando as Tr\u00eas Linhas em Gera\u00e7\u00e3o de Valor: com a Gest\u00e3o de Risco e o Sistema de Controles Internos\" width=\"145\" height=\"205\" srcset=\"https:\/\/www.bibliotecadeseguranca.com.br\/en\/wp-content\/uploads\/2025\/12\/transformando-as-tres-linhas-em-geracao-de-valor-com-a-gestao-de-risco-e-o-sistema-de-controles-internos.jpg 145w, https:\/\/www.bibliotecadeseguranca.com.br\/en\/wp-content\/uploads\/2025\/12\/transformando-as-tres-linhas-em-geracao-de-valor-com-a-gestao-de-risco-e-o-sistema-de-controles-internos-106x150.jpg 106w\" sizes=\"auto, (max-width: 145px) 100vw, 145px\" \/>Antonio Edson Maciel, Luciana Bacci, Marcos Assi<\/strong><\/span><\/p>\n<p><span style=\"color: #003366;\"><strong>Publisher Saint Paul<\/strong><\/span><\/p>\n<p><span style=\"color: #003366;\"><strong>Overview:<\/strong><\/span> O novo modelo das Tr\u00eas Linhas apresenta alguns princ\u00edpios, que ser\u00e3o tratados nesta obra, e que devem nortear na implementa\u00e7\u00e3o adequada do processo de governan\u00e7a e gest\u00e3o dos neg\u00f3cios. S\u00e3o eles:<\/p>\n<p>\u2022 Princ\u00edpio 1: Governan\u00e7a<\/p>\n<p>\u2022 Princ\u00edpio 2: Pap\u00e9is do \u00f3rg\u00e3o de governan\u00e7a<\/p>\n<p>\u2022 Princ\u00edpio 3: Gest\u00e3o e os pap\u00e9is da primeira e segunda linhas<\/p>\n<p>\u2022 Princ\u00edpio 4: Pap\u00e9is da terceira linha<\/p>\n<p>\u2022 Princ\u00edpio 5: A independ\u00eancia da terceira linha<\/p>\n<p>\u2022 Princ\u00edpio 6: Criando e protegendo valor<\/p>\n<p>Este novo modelo tem como foco a aproxima\u00e7\u00e3o das Tr\u00eas Linhas e busca menos conflito dentro dos processos, al\u00e9m de maior autonomia da auditoria interna. Orienta sobre a perda de independ\u00eancia da auditoria interna caso assuma alguma fun\u00e7\u00e3o da 2\u00aa linha, em que ter\u00e1 a necessidade de uma opini\u00e3o externa.<\/p>\n<p>O modelo atual determina os principais pap\u00e9is das Tr\u00eas Linhas na distribui\u00e7\u00e3o de responsabilidades do corpo administrativo na presta\u00e7\u00e3o de contas, no envolvimento com as partes interessadas para monitorar os interesses e se comunicar de forma transparente sobre o cumprimento dos objetivos, no apoio da cultura que promove o comportamento \u00e9tico, na responsabilidade corporativa e em estabelecer as estruturas e processos para governan\u00e7a.<\/p>\n","protected":false},"excerpt":{"rendered":"<p>Antonio Edson Maciel, Luciana Bacci, Marcos Assi Publisher Saint Paul Overview: O novo modelo das Tr\u00eas Linhas apresenta alguns princ\u00edpios, que ser\u00e3o tratados nesta obra, e que devem nortear na implementa\u00e7\u00e3o adequada do processo de governan\u00e7a e gest\u00e3o dos neg\u00f3cios. S\u00e3o eles: \u2022 Princ\u00edpio 1: Governan\u00e7a \u2022 Princ\u00edpio 2: Pap\u00e9is do \u00f3rg\u00e3o de governan\u00e7a \u2022 Princ\u00edpio 3: Gest\u00e3o e os pap\u00e9is da primeira e segunda linhas \u2022 Princ\u00edpio 4: Pap\u00e9is&hellip; <\/p>\n","protected":false},"author":3,"featured_media":21153,"comment_status":"open","ping_status":"closed","sticky":false,"template":"","format":"standard","meta":{"footnotes":""},"categories":[6,117,19],"tags":[],"class_list":["post-21152","post","type-post","status-publish","format-standard","has-post-thumbnail","hentry","category-livros","category-consulting-and-auditing","category-risco-e-perdas"],"views":121,"_links":{"self":[{"href":"https:\/\/www.bibliotecadeseguranca.com.br\/en\/wp-json\/wp\/v2\/posts\/21152","targetHints":{"allow":["GET"]}}],"collection":[{"href":"https:\/\/www.bibliotecadeseguranca.com.br\/en\/wp-json\/wp\/v2\/posts"}],"about":[{"href":"https:\/\/www.bibliotecadeseguranca.com.br\/en\/wp-json\/wp\/v2\/types\/post"}],"author":[{"embeddable":true,"href":"https:\/\/www.bibliotecadeseguranca.com.br\/en\/wp-json\/wp\/v2\/users\/3"}],"replies":[{"embeddable":true,"href":"https:\/\/www.bibliotecadeseguranca.com.br\/en\/wp-json\/wp\/v2\/comments?post=21152"}],"version-history":[{"count":1,"href":"https:\/\/www.bibliotecadeseguranca.com.br\/en\/wp-json\/wp\/v2\/posts\/21152\/revisions"}],"predecessor-version":[{"id":21154,"href":"https:\/\/www.bibliotecadeseguranca.com.br\/en\/wp-json\/wp\/v2\/posts\/21152\/revisions\/21154"}],"wp:featuredmedia":[{"embeddable":true,"href":"https:\/\/www.bibliotecadeseguranca.com.br\/en\/wp-json\/wp\/v2\/media\/21153"}],"wp:attachment":[{"href":"https:\/\/www.bibliotecadeseguranca.com.br\/en\/wp-json\/wp\/v2\/media?parent=21152"}],"wp:term":[{"taxonomy":"category","embeddable":true,"href":"https:\/\/www.bibliotecadeseguranca.com.br\/en\/wp-json\/wp\/v2\/categories?post=21152"},{"taxonomy":"post_tag","embeddable":true,"href":"https:\/\/www.bibliotecadeseguranca.com.br\/en\/wp-json\/wp\/v2\/tags?post=21152"}],"curies":[{"name":"wp","href":"https:\/\/api.w.org\/{rel}","templated":true}]}}