{"id":21113,"date":"2025-12-04T14:00:19","date_gmt":"2025-12-04T17:00:19","guid":{"rendered":"https:\/\/www.bibliotecadeseguranca.com.br\/en\/?p=21113"},"modified":"2025-12-04T12:49:14","modified_gmt":"2025-12-04T15:49:14","slug":"plan-daction-contre-le-terrorisme","status":"publish","type":"post","link":"https:\/\/www.bibliotecadeseguranca.com.br\/en\/livros\/plan-daction-contre-le-terrorisme\/","title":{"rendered":"Plan d&#8217;Action Contre le Terrorisme"},"content":{"rendered":"<p><span style=\"color: #003366;\"><strong><img loading=\"lazy\" decoding=\"async\" class=\"alignleft size-full wp-image-21114\" src=\"https:\/\/www.bibliotecadeseguranca.com.br\/en\/wp-content\/uploads\/2025\/12\/plan-daction-contre-le-terrorisme.jpg\" alt=\"Plan d'Action Contre le Terrorisme\" width=\"145\" height=\"205\" srcset=\"https:\/\/www.bibliotecadeseguranca.com.br\/en\/wp-content\/uploads\/2025\/12\/plan-daction-contre-le-terrorisme.jpg 145w, https:\/\/www.bibliotecadeseguranca.com.br\/en\/wp-content\/uploads\/2025\/12\/plan-daction-contre-le-terrorisme-106x150.jpg 106w\" sizes=\"auto, (max-width: 145px) 100vw, 145px\" \/>Secr\u00e9tariat g\u00e9n\u00e9ral de la d\u00e9fense et de la s\u00e9curit\u00e9 nationale &#8211; France<\/strong><\/span><\/p>\n<p><span style=\"color: #003366;\"><strong>Overview:<\/strong><\/span> Deux ann\u00e9es apr\u00e8s la mise en \u0153uvre du plan d\u2019action contre la radicalisation et le terrorisme (PART), la conception de ce nouveau plan d\u2019action contre le terrorisme r\u00e9pond \u00e0 une donne s\u00e9curitaire en mutation, marqu\u00e9e par la r\u00e9p\u00e9tition d\u2019attaques perp\u00e9tr\u00e9es au cours des dix-huit derniers mois par des acteurs essentiellement endog\u00e8nes. Le caract\u00e8re meurtrier et l\u2019impr\u00e9visibilit\u00e9 des r\u00e9cents passages \u00e0 l\u2019acte appellent un nouvel ajustement des leviers d\u2019action de l\u2019\u00c9tat.<br \/>\nEn effet, si en 2016, trois attentats ont endeuill\u00e9 le pays, causant la mort de 89 personnes, l\u2019ann\u00e9e 2017 a \u00e9t\u00e9 marqu\u00e9e par trois attentats meurtriers et le d\u00e9but de l\u2019ann\u00e9e 2018 par deux attaques terroristes ayant caus\u00e9 sur la p\u00e9riode un total de huit morts. Notre pays demeure une cible prioritaire pour les groupes jihadistes et ceux qu\u2019ils inspirent. Il en est de m\u00eame de nos ressortissants et des int\u00e9r\u00eats fran\u00e7ais \u00e0 l\u2019\u00e9tranger, qui sont toujours l\u2019objet d\u2019une menace \u00e9lev\u00e9e dans les pays de l\u2019arc de crise.<\/p>\n<p><a href=\"https:\/\/www.bibliotecadeseguranca.com.br\/wp-content\/uploads\/2025\/12\/plan-daction-contre-le-terrorisme.pdf\" target=\"_blank\" rel=\"noopener\"><img loading=\"lazy\" decoding=\"async\" class=\"alignleft wp-image-11251 size-full\" src=\"https:\/\/www.bibliotecadeseguranca.com.br\/en\/wp-content\/uploads\/2014\/08\/download.gif\" alt=\"Download\" width=\"89\" height=\"25\" \/><\/a><\/p>\n","protected":false},"excerpt":{"rendered":"<p>Secr\u00e9tariat g\u00e9n\u00e9ral de la d\u00e9fense et de la s\u00e9curit\u00e9 nationale &#8211; France Overview: Deux ann\u00e9es apr\u00e8s la mise en \u0153uvre du plan d\u2019action contre la radicalisation et le terrorisme (PART), la conception de ce nouveau plan d\u2019action contre le terrorisme r\u00e9pond \u00e0 une donne s\u00e9curitaire en mutation, marqu\u00e9e par la r\u00e9p\u00e9tition d\u2019attaques perp\u00e9tr\u00e9es au cours des dix-huit derniers mois par des acteurs essentiellement endog\u00e8nes. Le caract\u00e8re meurtrier et l\u2019impr\u00e9visibilit\u00e9 des&hellip; <\/p>\n","protected":false},"author":3,"featured_media":21114,"comment_status":"open","ping_status":"closed","sticky":false,"template":"","format":"standard","meta":{"footnotes":""},"categories":[6,112,109,25],"tags":[],"class_list":["post-21113","post","type-post","status-publish","format-standard","has-post-thumbnail","hentry","category-livros","category-download","category-francais","category-seguranca-publica-e-defesa"],"views":65,"_links":{"self":[{"href":"https:\/\/www.bibliotecadeseguranca.com.br\/en\/wp-json\/wp\/v2\/posts\/21113","targetHints":{"allow":["GET"]}}],"collection":[{"href":"https:\/\/www.bibliotecadeseguranca.com.br\/en\/wp-json\/wp\/v2\/posts"}],"about":[{"href":"https:\/\/www.bibliotecadeseguranca.com.br\/en\/wp-json\/wp\/v2\/types\/post"}],"author":[{"embeddable":true,"href":"https:\/\/www.bibliotecadeseguranca.com.br\/en\/wp-json\/wp\/v2\/users\/3"}],"replies":[{"embeddable":true,"href":"https:\/\/www.bibliotecadeseguranca.com.br\/en\/wp-json\/wp\/v2\/comments?post=21113"}],"version-history":[{"count":1,"href":"https:\/\/www.bibliotecadeseguranca.com.br\/en\/wp-json\/wp\/v2\/posts\/21113\/revisions"}],"predecessor-version":[{"id":21115,"href":"https:\/\/www.bibliotecadeseguranca.com.br\/en\/wp-json\/wp\/v2\/posts\/21113\/revisions\/21115"}],"wp:featuredmedia":[{"embeddable":true,"href":"https:\/\/www.bibliotecadeseguranca.com.br\/en\/wp-json\/wp\/v2\/media\/21114"}],"wp:attachment":[{"href":"https:\/\/www.bibliotecadeseguranca.com.br\/en\/wp-json\/wp\/v2\/media?parent=21113"}],"wp:term":[{"taxonomy":"category","embeddable":true,"href":"https:\/\/www.bibliotecadeseguranca.com.br\/en\/wp-json\/wp\/v2\/categories?post=21113"},{"taxonomy":"post_tag","embeddable":true,"href":"https:\/\/www.bibliotecadeseguranca.com.br\/en\/wp-json\/wp\/v2\/tags?post=21113"}],"curies":[{"name":"wp","href":"https:\/\/api.w.org\/{rel}","templated":true}]}}