{"id":21092,"date":"2025-11-24T14:00:28","date_gmt":"2025-11-24T17:00:28","guid":{"rendered":"https:\/\/www.bibliotecadeseguranca.com.br\/en\/?p=21092"},"modified":"2025-11-24T13:22:28","modified_gmt":"2025-11-24T16:22:28","slug":"gestao-de-riscos-corporativos-5","status":"publish","type":"post","link":"https:\/\/www.bibliotecadeseguranca.com.br\/en\/livros\/gestao-de-riscos-corporativos-5\/","title":{"rendered":"Gest\u00e3o de Riscos Corporativos"},"content":{"rendered":"<p><span style=\"color: #003366;\"><strong><img loading=\"lazy\" decoding=\"async\" class=\"alignleft size-full wp-image-21093\" src=\"https:\/\/www.bibliotecadeseguranca.com.br\/en\/wp-content\/uploads\/2025\/11\/gestao-de-riscos-corporativos.jpg\" alt=\"Gest\u00e3o de Riscos Corporativos\" width=\"145\" height=\"232\" srcset=\"https:\/\/www.bibliotecadeseguranca.com.br\/en\/wp-content\/uploads\/2025\/11\/gestao-de-riscos-corporativos.jpg 145w, https:\/\/www.bibliotecadeseguranca.com.br\/en\/wp-content\/uploads\/2025\/11\/gestao-de-riscos-corporativos-94x150.jpg 94w\" sizes=\"auto, (max-width: 145px) 100vw, 145px\" \/>Andrei Carlos Torresani Paza, F\u00e1bio Lotti Oliva, Lucas Matheus de Araujo do Nascimento<\/strong><\/span><\/p>\n<p><span style=\"color: #003366;\"><strong>Overview:<\/strong><\/span> Gest\u00e3o de Riscos Corporativos: Identifica\u00e7\u00e3o e An\u00e1lise dos Riscos Corporativos no Ambiente de Neg\u00f3cios \u00e9 um livro que busca estimular um olhar para o gerenciamento de riscos a partir dos agentes e das rela\u00e7\u00f5es estabelecidas entre eles no ambiente de neg\u00f3cios em que atuam.<br \/>\nO principal objetivo \u00e9 familiarizar o leitor com os conceitos mais relevantes para esta reflex\u00e3o, de modo que possam compreender e aplicar na pr\u00e1tica o modelo proposto pelos autores para identifica\u00e7\u00e3o e caracteriza\u00e7\u00e3o dos agentes, rela\u00e7\u00f5es e riscos.<\/p>\n","protected":false},"excerpt":{"rendered":"<p>Andrei Carlos Torresani Paza, F\u00e1bio Lotti Oliva, Lucas Matheus de Araujo do Nascimento Overview: Gest\u00e3o de Riscos Corporativos: Identifica\u00e7\u00e3o e An\u00e1lise dos Riscos Corporativos no Ambiente de Neg\u00f3cios \u00e9 um livro que busca estimular um olhar para o gerenciamento de riscos a partir dos agentes e das rela\u00e7\u00f5es estabelecidas entre eles no ambiente de neg\u00f3cios em que atuam. O principal objetivo \u00e9 familiarizar o leitor com os conceitos mais relevantes&hellip; <\/p>\n","protected":false},"author":3,"featured_media":21093,"comment_status":"open","ping_status":"closed","sticky":false,"template":"","format":"standard","meta":{"footnotes":""},"categories":[6,19],"tags":[],"class_list":["post-21092","post","type-post","status-publish","format-standard","has-post-thumbnail","hentry","category-livros","category-risco-e-perdas"],"views":115,"_links":{"self":[{"href":"https:\/\/www.bibliotecadeseguranca.com.br\/en\/wp-json\/wp\/v2\/posts\/21092","targetHints":{"allow":["GET"]}}],"collection":[{"href":"https:\/\/www.bibliotecadeseguranca.com.br\/en\/wp-json\/wp\/v2\/posts"}],"about":[{"href":"https:\/\/www.bibliotecadeseguranca.com.br\/en\/wp-json\/wp\/v2\/types\/post"}],"author":[{"embeddable":true,"href":"https:\/\/www.bibliotecadeseguranca.com.br\/en\/wp-json\/wp\/v2\/users\/3"}],"replies":[{"embeddable":true,"href":"https:\/\/www.bibliotecadeseguranca.com.br\/en\/wp-json\/wp\/v2\/comments?post=21092"}],"version-history":[{"count":1,"href":"https:\/\/www.bibliotecadeseguranca.com.br\/en\/wp-json\/wp\/v2\/posts\/21092\/revisions"}],"predecessor-version":[{"id":21094,"href":"https:\/\/www.bibliotecadeseguranca.com.br\/en\/wp-json\/wp\/v2\/posts\/21092\/revisions\/21094"}],"wp:featuredmedia":[{"embeddable":true,"href":"https:\/\/www.bibliotecadeseguranca.com.br\/en\/wp-json\/wp\/v2\/media\/21093"}],"wp:attachment":[{"href":"https:\/\/www.bibliotecadeseguranca.com.br\/en\/wp-json\/wp\/v2\/media?parent=21092"}],"wp:term":[{"taxonomy":"category","embeddable":true,"href":"https:\/\/www.bibliotecadeseguranca.com.br\/en\/wp-json\/wp\/v2\/categories?post=21092"},{"taxonomy":"post_tag","embeddable":true,"href":"https:\/\/www.bibliotecadeseguranca.com.br\/en\/wp-json\/wp\/v2\/tags?post=21092"}],"curies":[{"name":"wp","href":"https:\/\/api.w.org\/{rel}","templated":true}]}}