{"id":21050,"date":"2025-11-06T14:00:08","date_gmt":"2025-11-06T17:00:08","guid":{"rendered":"https:\/\/www.bibliotecadeseguranca.com.br\/en\/?p=21050"},"modified":"2025-11-06T04:45:20","modified_gmt":"2025-11-06T07:45:20","slug":"livre-blanc-la-police-municipale-face-a-lenjeu-de-la-securite-publique","status":"publish","type":"post","link":"https:\/\/www.bibliotecadeseguranca.com.br\/en\/livros\/livre-blanc-la-police-municipale-face-a-lenjeu-de-la-securite-publique\/","title":{"rendered":"Livre Blanc la Police Municipale Face a l&#8217;Enjeu de la Securite Publique"},"content":{"rendered":"<p><span style=\"color: #003366;\"><strong><img loading=\"lazy\" decoding=\"async\" class=\"alignleft size-full wp-image-21051\" src=\"https:\/\/www.bibliotecadeseguranca.com.br\/en\/wp-content\/uploads\/2025\/11\/livre-blanc-la-police-municipale-face-a-lenjeu-de-la-securite-publique.jpg\" alt=\"Livre Blanc la Police Municipale Face a l'Enjeu de la Securite Publique\" width=\"145\" height=\"204\" srcset=\"https:\/\/www.bibliotecadeseguranca.com.br\/en\/wp-content\/uploads\/2025\/11\/livre-blanc-la-police-municipale-face-a-lenjeu-de-la-securite-publique.jpg 145w, https:\/\/www.bibliotecadeseguranca.com.br\/en\/wp-content\/uploads\/2025\/11\/livre-blanc-la-police-municipale-face-a-lenjeu-de-la-securite-publique-107x150.jpg 107w\" sizes=\"auto, (max-width: 145px) 100vw, 145px\" \/>Weka<\/strong><\/span><\/p>\n<p><span style=\"color: #003366;\"><strong>Overview:<\/strong><\/span> La fin du confinement impos\u00e9 au printemps par l\u2019\u00e9pid\u00e9mie de Covid-19 promettait une p\u00e9riode estivale particuli\u00e8re parce que particuli\u00e8rement attendue. Mais la libert\u00e9 d\u2019aller et venir retrouv\u00e9e est all\u00e9e de pair avec l\u2019information en continu d\u2019actes de d\u00e9linquance \u00e0 la fois, semble-t-il, toujours plus nombreux et toujours plus violents, \u00e0 tel point que certains ont pu d\u00e9celer un \u00ab ensauvagement \u00bb de la soci\u00e9t\u00e9. V\u00e9rit\u00e9 ou non de la hausse des d\u00e9lits et incivilit\u00e9s, le degr\u00e9 de violence r\u00e9guli\u00e8rement atteint montre avec plus de certitudes que des barri\u00e8res tombent et, avec elles, les figures d\u2019autorit\u00e9 : forces de l\u2019ordre, \u00e9lus, institution judiciaire&#8230; La rentr\u00e9e m\u00e9diatique de septembre a ainsi \u00e9t\u00e9 domin\u00e9e par la th\u00e9matique s\u00e9curitaire. L\u2019\u00e9lu et son territoire, avec ses forces de police locales, sont en premi\u00e8re ligne dans cette lutte contre l\u2019ins\u00e9curit\u00e9.<br \/>\nCe contexte a d\u00e9j\u00e0 motiv\u00e9 des r\u00e9ponses l\u00e9gislatives : apr\u00e8s de nouvelles agressions contre des \u00e9lus, une circulaire gouvernementale du 7 septembre 2020 doit r\u00e9affirmer la mise en \u0153uvre d\u2019une politique p\u00e9nale forte dans ce type de cas. Le 14 septembre dernier, le ministre de l\u2019Int\u00e9rieur annon\u00e7ait une g\u00e9n\u00e9ralisation de l\u2019usage des cam\u00e9ras-pi\u00e9tons au sein des forces de l\u2019ordre \u00e0 l\u2019horizon de juillet 2021.<br \/>\nLa tendance profonde de ces derni\u00e8res ann\u00e9es est \u00e0 l\u2019augmentation du nombre de police municipale et de leurs effectifs ; derni\u00e8re en date, la Ville de Paris est \u00e0 pr\u00e9sent dot\u00e9e elle aussi d\u2019une police municipale. Suivant le m\u00eame ordre, les polices municipales \u00e9quip\u00e9es d\u2019armes \u00e0 feu sont pass\u00e9es de 37% en 2014 \u00e0 plus de 50% en 2018. De fait, les forces de police locales ont aujourd\u2019hui plus qu\u2019hier un r\u00f4le, attendu et reconnu, dans les missions de s\u00e9curit\u00e9 publique. Mais sous quelle forme ? Avec quelles missions ? Avec quels moyens ?<br \/>\nPlusieurs acteurs et experts de la s\u00e9curit\u00e9 publique ont partag\u00e9 leurs r\u00e9alit\u00e9s du terrain et leurs visions dans ce livre blanc ; ce sont autant de t\u00e9moignages pr\u00e9cieux qui rendent compte de la complexit\u00e9 de leur m\u00e9tier et du caract\u00e8re essentiel de leurs missions.<\/p>\n<p><a href=\"https:\/\/www.bibliotecadeseguranca.com.br\/wp-content\/uploads\/2025\/11\/livre-blanc-la-police-municipale-face-a-lenjeu-de-la-securite-publique.pdf\" target=\"_blank\" rel=\"noopener\"><img loading=\"lazy\" decoding=\"async\" class=\"alignleft wp-image-11251 size-full\" src=\"https:\/\/www.bibliotecadeseguranca.com.br\/en\/wp-content\/uploads\/2014\/08\/download.gif\" alt=\"Download\" width=\"89\" height=\"25\" \/><\/a><\/p>\n","protected":false},"excerpt":{"rendered":"<p>Weka Overview: La fin du confinement impos\u00e9 au printemps par l\u2019\u00e9pid\u00e9mie de Covid-19 promettait une p\u00e9riode estivale particuli\u00e8re parce que particuli\u00e8rement attendue. Mais la libert\u00e9 d\u2019aller et venir retrouv\u00e9e est all\u00e9e de pair avec l\u2019information en continu d\u2019actes de d\u00e9linquance \u00e0 la fois, semble-t-il, toujours plus nombreux et toujours plus violents, \u00e0 tel point que certains ont pu d\u00e9celer un \u00ab ensauvagement \u00bb de la soci\u00e9t\u00e9. V\u00e9rit\u00e9 ou non de&hellip; <\/p>\n","protected":false},"author":3,"featured_media":21051,"comment_status":"open","ping_status":"closed","sticky":false,"template":"","format":"standard","meta":{"footnotes":""},"categories":[6,112,109,25],"tags":[],"class_list":["post-21050","post","type-post","status-publish","format-standard","has-post-thumbnail","hentry","category-livros","category-download","category-francais","category-seguranca-publica-e-defesa"],"views":122,"_links":{"self":[{"href":"https:\/\/www.bibliotecadeseguranca.com.br\/en\/wp-json\/wp\/v2\/posts\/21050","targetHints":{"allow":["GET"]}}],"collection":[{"href":"https:\/\/www.bibliotecadeseguranca.com.br\/en\/wp-json\/wp\/v2\/posts"}],"about":[{"href":"https:\/\/www.bibliotecadeseguranca.com.br\/en\/wp-json\/wp\/v2\/types\/post"}],"author":[{"embeddable":true,"href":"https:\/\/www.bibliotecadeseguranca.com.br\/en\/wp-json\/wp\/v2\/users\/3"}],"replies":[{"embeddable":true,"href":"https:\/\/www.bibliotecadeseguranca.com.br\/en\/wp-json\/wp\/v2\/comments?post=21050"}],"version-history":[{"count":1,"href":"https:\/\/www.bibliotecadeseguranca.com.br\/en\/wp-json\/wp\/v2\/posts\/21050\/revisions"}],"predecessor-version":[{"id":21052,"href":"https:\/\/www.bibliotecadeseguranca.com.br\/en\/wp-json\/wp\/v2\/posts\/21050\/revisions\/21052"}],"wp:featuredmedia":[{"embeddable":true,"href":"https:\/\/www.bibliotecadeseguranca.com.br\/en\/wp-json\/wp\/v2\/media\/21051"}],"wp:attachment":[{"href":"https:\/\/www.bibliotecadeseguranca.com.br\/en\/wp-json\/wp\/v2\/media?parent=21050"}],"wp:term":[{"taxonomy":"category","embeddable":true,"href":"https:\/\/www.bibliotecadeseguranca.com.br\/en\/wp-json\/wp\/v2\/categories?post=21050"},{"taxonomy":"post_tag","embeddable":true,"href":"https:\/\/www.bibliotecadeseguranca.com.br\/en\/wp-json\/wp\/v2\/tags?post=21050"}],"curies":[{"name":"wp","href":"https:\/\/api.w.org\/{rel}","templated":true}]}}