{"id":21012,"date":"2025-10-20T14:00:20","date_gmt":"2025-10-20T17:00:20","guid":{"rendered":"https:\/\/www.bibliotecadeseguranca.com.br\/en\/?p=21012"},"modified":"2025-10-20T13:52:37","modified_gmt":"2025-10-20T16:52:37","slug":"revista-prelecao-ano-i-n-13","status":"publish","type":"post","link":"https:\/\/www.bibliotecadeseguranca.com.br\/en\/periodicos-de-seguranca\/revista-prelecao-ano-i-n-13\/","title":{"rendered":"Revista Prele\u00e7\u00e3o \u2013 Ano I \u2013 N\u00b0 13"},"content":{"rendered":"<p><span style=\"color: #003366;\"><strong><img loading=\"lazy\" decoding=\"async\" class=\"alignleft size-full wp-image-21013\" src=\"https:\/\/www.bibliotecadeseguranca.com.br\/en\/wp-content\/uploads\/2025\/10\/revista-prelecao-ano-i-n-13.jpg\" alt=\"Revista Prele\u00e7\u00e3o \u2013 Ano I \u2013 N\u00b0 13\" width=\"145\" height=\"205\" srcset=\"https:\/\/www.bibliotecadeseguranca.com.br\/en\/wp-content\/uploads\/2025\/10\/revista-prelecao-ano-i-n-13.jpg 145w, https:\/\/www.bibliotecadeseguranca.com.br\/en\/wp-content\/uploads\/2025\/10\/revista-prelecao-ano-i-n-13-106x150.jpg 106w\" sizes=\"auto, (max-width: 145px) 100vw, 145px\" \/>Pol\u00edcia Militar do Estado do Esp\u00edrito Santo<\/strong><\/span><\/p>\n<p><span style=\"color: #003366;\"><strong>Overview:<\/strong><\/span> O bi\u00eanio 2013-2014 foi um per\u00edodo marcante para o ensino e a<br \/>\ninstru\u00e7\u00e3o na Pol\u00edcia Militar do Esp\u00edrito Santo. Considerando a dimens\u00e3o<br \/>\ndos esfor\u00e7os anteriores nessas \u00e1reas, bem como a necessidade de se<br \/>\ncompletar o efetivo da PMES, vultosos n\u00fameros demonstram o aumento significativo de policiais formados e capacitados.<br \/>\nNa forma\u00e7\u00e3o dos novos policiais, o bi\u00eanio 2013-2014 exigiu uma<br \/>\ncapacidade sem precedentes para atender \u00e0 demanda de aumento do<br \/>\nefetivo da PMES, \u00e0 ordem de 23,75%. Anteriormente \u00e9ramos 7.540 policiais, agora somos 9.330 homens e mulheres servindo a sociedade capixaba. E esse \u00edndice ir\u00e1 aumentar, pois estamos atualmente com 1.070<br \/>\nnovos alunos soldados com previs\u00e3o de forma\u00e7\u00e3o no ano de 2015. Para<br \/>\nalcan\u00e7armos n\u00fameros t\u00e3o significativos mais tr\u00eas novos polos de forma\u00e7\u00e3o policial junto \u00e0s Unidades do interior do Estado foram abertos (no 2\u00ba<br \/>\nBatalh\u00e3o da Pol\u00edcia Militar, em Nova Ven\u00e9cia; no 3\u00ba Batalh\u00e3o, em Alegre; e no 5\u00ba Batalh\u00e3o, em Aracruz); todos atuando de forma coordenada<br \/>\ncom o Centro de Forma\u00e7\u00e3o e Aperfei\u00e7oamento, em Cariacica. Juntas,<br \/>\nessas Unidades formaram 2.123 novos policiais militares nos anos de<br \/>\n2013 e 2014.<br \/>\nA forma\u00e7\u00e3o continuada tamb\u00e9m demandou aten\u00e7\u00e3o e esfor\u00e7os espec\u00edficos para a realiza\u00e7\u00e3o dos cursos de Aperfei\u00e7oamento de Oficiais<br \/>\n(CAO), Aperfei\u00e7oamento de Sargentos (CAS) e Habilita\u00e7\u00e3o de Sargentos<br \/>\n(CHS). Para a realiza\u00e7\u00e3o desses cursos, foram necess\u00e1rias contrata\u00e7\u00f5es<br \/>\ndiversas, como o curso de p\u00f3s-gradua\u00e7\u00e3o lato sensu (para o CAO) em<br \/>\nInstitui\u00e7\u00e3o de Ensino Superior e a loca\u00e7\u00e3o de salas de aulas, para a realiza\u00e7\u00e3o do CAS e CHS, tendo em vista a capacidade m\u00e1xima alcan\u00e7ada<br \/>\ncom outros cursos no Centro de Forma\u00e7\u00e3o e Aperfei\u00e7oamento.<\/p>\n<p><a href=\"https:\/\/www.bibliotecadeseguranca.com.br\/wp-content\/uploads\/2025\/10\/revista-prelecao-ano-i-n-13.pdf\" target=\"_blank\" rel=\"noopener\"><img loading=\"lazy\" decoding=\"async\" class=\"alignleft wp-image-11251 size-full\" src=\"https:\/\/www.bibliotecadeseguranca.com.br\/en\/wp-content\/uploads\/2014\/08\/download.gif\" alt=\"Download\" width=\"89\" height=\"25\" \/><\/a><\/p>\n","protected":false},"excerpt":{"rendered":"<p>Pol\u00edcia Militar do Estado do Esp\u00edrito Santo Overview: O bi\u00eanio 2013-2014 foi um per\u00edodo marcante para o ensino e a instru\u00e7\u00e3o na Pol\u00edcia Militar do Esp\u00edrito Santo. Considerando a dimens\u00e3o dos esfor\u00e7os anteriores nessas \u00e1reas, bem como a necessidade de se completar o efetivo da PMES, vultosos n\u00fameros demonstram o aumento significativo de policiais formados e capacitados. Na forma\u00e7\u00e3o dos novos policiais, o bi\u00eanio 2013-2014 exigiu uma capacidade sem precedentes&hellip; <\/p>\n","protected":false},"author":3,"featured_media":21013,"comment_status":"open","ping_status":"closed","sticky":false,"template":"","format":"standard","meta":{"footnotes":""},"categories":[112,127,71],"tags":[],"class_list":["post-21012","post","type-post","status-publish","format-standard","has-post-thumbnail","hentry","category-download","category-revista-prelecao","category-periodicos-de-seguranca"],"views":253,"_links":{"self":[{"href":"https:\/\/www.bibliotecadeseguranca.com.br\/en\/wp-json\/wp\/v2\/posts\/21012","targetHints":{"allow":["GET"]}}],"collection":[{"href":"https:\/\/www.bibliotecadeseguranca.com.br\/en\/wp-json\/wp\/v2\/posts"}],"about":[{"href":"https:\/\/www.bibliotecadeseguranca.com.br\/en\/wp-json\/wp\/v2\/types\/post"}],"author":[{"embeddable":true,"href":"https:\/\/www.bibliotecadeseguranca.com.br\/en\/wp-json\/wp\/v2\/users\/3"}],"replies":[{"embeddable":true,"href":"https:\/\/www.bibliotecadeseguranca.com.br\/en\/wp-json\/wp\/v2\/comments?post=21012"}],"version-history":[{"count":1,"href":"https:\/\/www.bibliotecadeseguranca.com.br\/en\/wp-json\/wp\/v2\/posts\/21012\/revisions"}],"predecessor-version":[{"id":21014,"href":"https:\/\/www.bibliotecadeseguranca.com.br\/en\/wp-json\/wp\/v2\/posts\/21012\/revisions\/21014"}],"wp:featuredmedia":[{"embeddable":true,"href":"https:\/\/www.bibliotecadeseguranca.com.br\/en\/wp-json\/wp\/v2\/media\/21013"}],"wp:attachment":[{"href":"https:\/\/www.bibliotecadeseguranca.com.br\/en\/wp-json\/wp\/v2\/media?parent=21012"}],"wp:term":[{"taxonomy":"category","embeddable":true,"href":"https:\/\/www.bibliotecadeseguranca.com.br\/en\/wp-json\/wp\/v2\/categories?post=21012"},{"taxonomy":"post_tag","embeddable":true,"href":"https:\/\/www.bibliotecadeseguranca.com.br\/en\/wp-json\/wp\/v2\/tags?post=21012"}],"curies":[{"name":"wp","href":"https:\/\/api.w.org\/{rel}","templated":true}]}}