{"id":20975,"date":"2025-10-03T14:00:28","date_gmt":"2025-10-03T17:00:28","guid":{"rendered":"https:\/\/www.bibliotecadeseguranca.com.br\/en\/?p=20975"},"modified":"2025-10-02T23:58:56","modified_gmt":"2025-10-03T02:58:56","slug":"lutter-contre-les-menaces-criminelles","status":"publish","type":"post","link":"https:\/\/www.bibliotecadeseguranca.com.br\/en\/livros\/lutter-contre-les-menaces-criminelles\/","title":{"rendered":"Lutter Contre les Menaces Criminelles"},"content":{"rendered":"<p><span style=\"color: #003366;\"><strong><img loading=\"lazy\" decoding=\"async\" class=\"alignleft size-full wp-image-20976\" src=\"https:\/\/www.bibliotecadeseguranca.com.br\/en\/wp-content\/uploads\/2025\/10\/lutter-contre-les-menaces-criminelles.jpg\" alt=\"Lutter Contre les Menaces Criminelles\" width=\"145\" height=\"223\" srcset=\"https:\/\/www.bibliotecadeseguranca.com.br\/en\/wp-content\/uploads\/2025\/10\/lutter-contre-les-menaces-criminelles.jpg 145w, https:\/\/www.bibliotecadeseguranca.com.br\/en\/wp-content\/uploads\/2025\/10\/lutter-contre-les-menaces-criminelles-98x150.jpg 98w\" sizes=\"auto, (max-width: 145px) 100vw, 145px\" \/>\u00c9douard Verny<\/strong><\/span><\/p>\n<p><span style=\"color: #003366;\"><strong>Publisher Dalloz<\/strong><\/span><\/p>\n<p><span style=\"color: #003366;\"><strong>Overview:<\/strong><\/span> Cet ouvrage est issus du cycle de conf\u00e9rences, intitul\u00e9 &#8220;Lutter contre les menaces criminelles&#8221; et organis\u00e9 par l&#8217;Institut de criminologie et de droit p\u00e9nal de Paris (Universit\u00e9 Paris-Panth\u00e9on-Assas) en lien avec la Direction centrale de la Police judiciaire.<br \/>\nDe hauts responsables de cette Direction sont intervenus entre octobre 2022 et avril 2023 sur les activit\u00e9s criminelles particuli\u00e8rement graves, complexes et actuelles : terrorisme, trafic de stup\u00e9fiants, crimes s\u00e9riels ou non \u00e9lucid\u00e9s, cyber-espace, criminalit\u00e9 financi\u00e8re, coop\u00e9ration internationale&#8230; Sont expos\u00e9 \u00e0 la fois ces d\u00e9fis et les m\u00e9thodes employ\u00e9es pour y faire face.<br \/>\nLeurs r\u00e9flexions ont certes une dimension juridique mais elles apportent surtout un \u00e9clairage pratique qui n&#8217;est \u00e0 ce jour pas accessible en dehors des praticiens concern\u00e9s.<\/p>\n","protected":false},"excerpt":{"rendered":"<p>\u00c9douard Verny Publisher Dalloz Overview: Cet ouvrage est issus du cycle de conf\u00e9rences, intitul\u00e9 &#8220;Lutter contre les menaces criminelles&#8221; et organis\u00e9 par l&#8217;Institut de criminologie et de droit p\u00e9nal de Paris (Universit\u00e9 Paris-Panth\u00e9on-Assas) en lien avec la Direction centrale de la Police judiciaire. De hauts responsables de cette Direction sont intervenus entre octobre 2022 et avril 2023 sur les activit\u00e9s criminelles particuli\u00e8rement graves, complexes et actuelles : terrorisme, trafic de&hellip; <\/p>\n","protected":false},"author":3,"featured_media":20976,"comment_status":"open","ping_status":"closed","sticky":false,"template":"","format":"standard","meta":{"footnotes":""},"categories":[6,109,25],"tags":[],"class_list":["post-20975","post","type-post","status-publish","format-standard","has-post-thumbnail","hentry","category-livros","category-francais","category-seguranca-publica-e-defesa"],"views":192,"_links":{"self":[{"href":"https:\/\/www.bibliotecadeseguranca.com.br\/en\/wp-json\/wp\/v2\/posts\/20975","targetHints":{"allow":["GET"]}}],"collection":[{"href":"https:\/\/www.bibliotecadeseguranca.com.br\/en\/wp-json\/wp\/v2\/posts"}],"about":[{"href":"https:\/\/www.bibliotecadeseguranca.com.br\/en\/wp-json\/wp\/v2\/types\/post"}],"author":[{"embeddable":true,"href":"https:\/\/www.bibliotecadeseguranca.com.br\/en\/wp-json\/wp\/v2\/users\/3"}],"replies":[{"embeddable":true,"href":"https:\/\/www.bibliotecadeseguranca.com.br\/en\/wp-json\/wp\/v2\/comments?post=20975"}],"version-history":[{"count":1,"href":"https:\/\/www.bibliotecadeseguranca.com.br\/en\/wp-json\/wp\/v2\/posts\/20975\/revisions"}],"predecessor-version":[{"id":20977,"href":"https:\/\/www.bibliotecadeseguranca.com.br\/en\/wp-json\/wp\/v2\/posts\/20975\/revisions\/20977"}],"wp:featuredmedia":[{"embeddable":true,"href":"https:\/\/www.bibliotecadeseguranca.com.br\/en\/wp-json\/wp\/v2\/media\/20976"}],"wp:attachment":[{"href":"https:\/\/www.bibliotecadeseguranca.com.br\/en\/wp-json\/wp\/v2\/media?parent=20975"}],"wp:term":[{"taxonomy":"category","embeddable":true,"href":"https:\/\/www.bibliotecadeseguranca.com.br\/en\/wp-json\/wp\/v2\/categories?post=20975"},{"taxonomy":"post_tag","embeddable":true,"href":"https:\/\/www.bibliotecadeseguranca.com.br\/en\/wp-json\/wp\/v2\/tags?post=20975"}],"curies":[{"name":"wp","href":"https:\/\/api.w.org\/{rel}","templated":true}]}}