{"id":20888,"date":"2025-09-08T14:00:21","date_gmt":"2025-09-08T17:00:21","guid":{"rendered":"https:\/\/www.bibliotecadeseguranca.com.br\/en\/?p=20888"},"modified":"2025-09-08T13:16:52","modified_gmt":"2025-09-08T16:16:52","slug":"atuacao-do-encarregado-pelo-tratamento-de-dados-pessoais","status":"publish","type":"post","link":"https:\/\/www.bibliotecadeseguranca.com.br\/en\/livros\/atuacao-do-encarregado-pelo-tratamento-de-dados-pessoais\/","title":{"rendered":"Atua\u00e7\u00e3o do Encarregado pelo Tratamento de Dados Pessoais"},"content":{"rendered":"<p><span style=\"color: #003366;\"><strong><img loading=\"lazy\" decoding=\"async\" class=\"alignleft size-full wp-image-20889\" src=\"https:\/\/www.bibliotecadeseguranca.com.br\/en\/wp-content\/uploads\/2025\/09\/atuacao-do-encarregado-pelo-tratamento-de-dados-pessoais.jpg\" alt=\"Atua\u00e7\u00e3o do Encarregado pelo Tratamento de Dados Pessoais\" width=\"145\" height=\"205\" srcset=\"https:\/\/www.bibliotecadeseguranca.com.br\/en\/wp-content\/uploads\/2025\/09\/atuacao-do-encarregado-pelo-tratamento-de-dados-pessoais.jpg 145w, https:\/\/www.bibliotecadeseguranca.com.br\/en\/wp-content\/uploads\/2025\/09\/atuacao-do-encarregado-pelo-tratamento-de-dados-pessoais-106x150.jpg 106w\" sizes=\"auto, (max-width: 145px) 100vw, 145px\" \/>ANPD &#8211; Autoridade Nacional de Prote\u00e7\u00e3o de Dados<\/strong><\/span><\/p>\n<p><span style=\"color: #003366;\"><strong>Overview:<\/strong><\/span> O encarregado pelo Tratamento de Dados Pessoais surge com o advento da Lei n\u00ba 13.709 de 14 de agosto de 2018 (Lei Geral de Prote\u00e7\u00e3o de Dados Pessoais \u2013 lgpd). O art. 5\u00ba, inciso viii, da lgpd o conceituou como a \u201cpessoa indicada pelo controlador e operador para atuar como canal de comunica\u00e7\u00e3o entre o controlador, os titulares dos dados e a Autoridade Nacional de Prote\u00e7\u00e3o de Dados (anpd)\u201d.<br \/>\nAl\u00e9m de funcionar como canal de comunica\u00e7\u00e3o, segundo o art. 41, inciso iii, da lgpd, cabe tamb\u00e9m ao encarregado \u201corientar os funcion\u00e1rios e os contratados do agente de tratamento a respeito das pr\u00e1ticas a serem tomadas em rela\u00e7\u00e3o \u00e0 prote\u00e7\u00e3o de dados pessoais.\u201d<\/p>\n<p><a href=\"https:\/\/www.bibliotecadeseguranca.com.br\/wp-content\/uploads\/2025\/09\/atuacao-do-encarregado-pelo-tratamento-de-dados-pessoais.pdf\" target=\"_blank\" rel=\"noopener\"><img loading=\"lazy\" decoding=\"async\" class=\"alignleft wp-image-11251 size-full\" src=\"https:\/\/www.bibliotecadeseguranca.com.br\/en\/wp-content\/uploads\/2014\/08\/download.gif\" alt=\"Download\" width=\"89\" height=\"25\" \/><\/a><\/p>\n","protected":false},"excerpt":{"rendered":"<p>ANPD &#8211; Autoridade Nacional de Prote\u00e7\u00e3o de Dados Overview: O encarregado pelo Tratamento de Dados Pessoais surge com o advento da Lei n\u00ba 13.709 de 14 de agosto de 2018 (Lei Geral de Prote\u00e7\u00e3o de Dados Pessoais \u2013 lgpd). O art. 5\u00ba, inciso viii, da lgpd o conceituou como a \u201cpessoa indicada pelo controlador e operador para atuar como canal de comunica\u00e7\u00e3o entre o controlador, os titulares dos dados e&hellip; <\/p>\n","protected":false},"author":3,"featured_media":20889,"comment_status":"open","ping_status":"closed","sticky":false,"template":"","format":"standard","meta":{"footnotes":""},"categories":[6,112,20],"tags":[],"class_list":["post-20888","post","type-post","status-publish","format-standard","has-post-thumbnail","hentry","category-livros","category-download","category-seguranca-da-informacao"],"views":182,"_links":{"self":[{"href":"https:\/\/www.bibliotecadeseguranca.com.br\/en\/wp-json\/wp\/v2\/posts\/20888","targetHints":{"allow":["GET"]}}],"collection":[{"href":"https:\/\/www.bibliotecadeseguranca.com.br\/en\/wp-json\/wp\/v2\/posts"}],"about":[{"href":"https:\/\/www.bibliotecadeseguranca.com.br\/en\/wp-json\/wp\/v2\/types\/post"}],"author":[{"embeddable":true,"href":"https:\/\/www.bibliotecadeseguranca.com.br\/en\/wp-json\/wp\/v2\/users\/3"}],"replies":[{"embeddable":true,"href":"https:\/\/www.bibliotecadeseguranca.com.br\/en\/wp-json\/wp\/v2\/comments?post=20888"}],"version-history":[{"count":1,"href":"https:\/\/www.bibliotecadeseguranca.com.br\/en\/wp-json\/wp\/v2\/posts\/20888\/revisions"}],"predecessor-version":[{"id":20890,"href":"https:\/\/www.bibliotecadeseguranca.com.br\/en\/wp-json\/wp\/v2\/posts\/20888\/revisions\/20890"}],"wp:featuredmedia":[{"embeddable":true,"href":"https:\/\/www.bibliotecadeseguranca.com.br\/en\/wp-json\/wp\/v2\/media\/20889"}],"wp:attachment":[{"href":"https:\/\/www.bibliotecadeseguranca.com.br\/en\/wp-json\/wp\/v2\/media?parent=20888"}],"wp:term":[{"taxonomy":"category","embeddable":true,"href":"https:\/\/www.bibliotecadeseguranca.com.br\/en\/wp-json\/wp\/v2\/categories?post=20888"},{"taxonomy":"post_tag","embeddable":true,"href":"https:\/\/www.bibliotecadeseguranca.com.br\/en\/wp-json\/wp\/v2\/tags?post=20888"}],"curies":[{"name":"wp","href":"https:\/\/api.w.org\/{rel}","templated":true}]}}