{"id":20751,"date":"2025-07-10T14:00:36","date_gmt":"2025-07-10T17:00:36","guid":{"rendered":"https:\/\/www.bibliotecadeseguranca.com.br\/en\/?p=20751"},"modified":"2025-07-10T12:25:57","modified_gmt":"2025-07-10T15:25:57","slug":"manager-la-crise-de-securite","status":"publish","type":"post","link":"https:\/\/www.bibliotecadeseguranca.com.br\/en\/livros\/manager-la-crise-de-securite\/","title":{"rendered":"Manager la Crise de S\u00e9curit\u00e9"},"content":{"rendered":"<p><span style=\"color: #003366;\"><strong><img loading=\"lazy\" decoding=\"async\" class=\"alignleft size-full wp-image-20752\" src=\"https:\/\/www.bibliotecadeseguranca.com.br\/en\/wp-content\/uploads\/2025\/07\/manager-la-crise-de-securite.jpg\" alt=\"Manager la Crise de S\u00e9curit\u00e9\" width=\"145\" height=\"205\" srcset=\"https:\/\/www.bibliotecadeseguranca.com.br\/en\/wp-content\/uploads\/2025\/07\/manager-la-crise-de-securite.jpg 145w, https:\/\/www.bibliotecadeseguranca.com.br\/en\/wp-content\/uploads\/2025\/07\/manager-la-crise-de-securite-106x150.jpg 106w\" sizes=\"auto, (max-width: 145px) 100vw, 145px\" \/>Sylvain Joly<\/strong><\/span><\/p>\n<p><span style=\"color: #003366;\"><strong>Presses Universitaires de France &#8211; P.U.F.<\/strong><\/span><\/p>\n<p><span style=\"color: #003366;\"><strong>Overview:<\/strong><\/span> Les crises de s\u00e9curit\u00e9 impriment de plus en plus leur marque dans notre quotidien par leur r\u00e9p\u00e9tition et leur intensit\u00e9. Abondamment relay\u00e9s par les m\u00e9dias et les r\u00e9seaux sociaux, les d\u00e9rapages de mouvements sociaux, \u00e9meutes urbaines, accidents graves, r\u00e8glements de comptes arm\u00e9s ou attentats terroristes mettent au d\u00e9fi les capacit\u00e9s de r\u00e9ponse des \u00c9tats. Ces \u00e9v\u00e9nements constituent \u00e9galement un enjeu pratique pour les organisations qui y sont confront\u00e9es.<\/p>\n<p>Dans ces conditions, la gestion de crise devient aujourd&#8217;hui un savoir-faire particuli\u00e8rement recherch\u00e9. Plus que jamais, les managers doivent pouvoir anticiper, r\u00e9pondre et reconstruire face \u00e0 un \u00e9v\u00e9nement critique de s\u00e9curit\u00e9. \u00c0 travers analyses, explications, exemples et illustrations, cet ouvrage a vocation \u00e0 leur donner les clefs de compr\u00e9hension indispensables et les outils incontournables. Alliant la connaissance acad\u00e9mique \u00e0 l&#8217;exp\u00e9rience professionnelle de terrain, l&#8217;auteur livre une m\u00e9thode manag\u00e9riale simple et pragmatique de gestion de crise, dans laquelle le facteur humain est central et le collectif peut prosp\u00e9rer au coeur du chaos.<\/p>\n<p>Un manuel irrempla\u00e7able de management pratique des crises de s\u00e9curit\u00e9.<\/p>\n","protected":false},"excerpt":{"rendered":"<p>Sylvain Joly Presses Universitaires de France &#8211; P.U.F. Overview: Les crises de s\u00e9curit\u00e9 impriment de plus en plus leur marque dans notre quotidien par leur r\u00e9p\u00e9tition et leur intensit\u00e9. Abondamment relay\u00e9s par les m\u00e9dias et les r\u00e9seaux sociaux, les d\u00e9rapages de mouvements sociaux, \u00e9meutes urbaines, accidents graves, r\u00e8glements de comptes arm\u00e9s ou attentats terroristes mettent au d\u00e9fi les capacit\u00e9s de r\u00e9ponse des \u00c9tats. Ces \u00e9v\u00e9nements constituent \u00e9galement un enjeu pratique&hellip; <\/p>\n","protected":false},"author":3,"featured_media":20752,"comment_status":"open","ping_status":"closed","sticky":false,"template":"","format":"standard","meta":{"footnotes":""},"categories":[6,23,109],"tags":[],"class_list":["post-20751","post","type-post","status-publish","format-standard","has-post-thumbnail","hentry","category-livros","category-enterprise-security-management","category-francais"],"views":206,"_links":{"self":[{"href":"https:\/\/www.bibliotecadeseguranca.com.br\/en\/wp-json\/wp\/v2\/posts\/20751","targetHints":{"allow":["GET"]}}],"collection":[{"href":"https:\/\/www.bibliotecadeseguranca.com.br\/en\/wp-json\/wp\/v2\/posts"}],"about":[{"href":"https:\/\/www.bibliotecadeseguranca.com.br\/en\/wp-json\/wp\/v2\/types\/post"}],"author":[{"embeddable":true,"href":"https:\/\/www.bibliotecadeseguranca.com.br\/en\/wp-json\/wp\/v2\/users\/3"}],"replies":[{"embeddable":true,"href":"https:\/\/www.bibliotecadeseguranca.com.br\/en\/wp-json\/wp\/v2\/comments?post=20751"}],"version-history":[{"count":1,"href":"https:\/\/www.bibliotecadeseguranca.com.br\/en\/wp-json\/wp\/v2\/posts\/20751\/revisions"}],"predecessor-version":[{"id":20753,"href":"https:\/\/www.bibliotecadeseguranca.com.br\/en\/wp-json\/wp\/v2\/posts\/20751\/revisions\/20753"}],"wp:featuredmedia":[{"embeddable":true,"href":"https:\/\/www.bibliotecadeseguranca.com.br\/en\/wp-json\/wp\/v2\/media\/20752"}],"wp:attachment":[{"href":"https:\/\/www.bibliotecadeseguranca.com.br\/en\/wp-json\/wp\/v2\/media?parent=20751"}],"wp:term":[{"taxonomy":"category","embeddable":true,"href":"https:\/\/www.bibliotecadeseguranca.com.br\/en\/wp-json\/wp\/v2\/categories?post=20751"},{"taxonomy":"post_tag","embeddable":true,"href":"https:\/\/www.bibliotecadeseguranca.com.br\/en\/wp-json\/wp\/v2\/tags?post=20751"}],"curies":[{"name":"wp","href":"https:\/\/api.w.org\/{rel}","templated":true}]}}