{"id":20706,"date":"2025-06-20T14:00:29","date_gmt":"2025-06-20T17:00:29","guid":{"rendered":"https:\/\/www.bibliotecadeseguranca.com.br\/en\/?p=20706"},"modified":"2025-06-20T13:11:55","modified_gmt":"2025-06-20T16:11:55","slug":"plan-daction-departemental-de-restauration-de-la-securite-du-quotidien","status":"publish","type":"post","link":"https:\/\/www.bibliotecadeseguranca.com.br\/en\/livros\/plan-daction-departemental-de-restauration-de-la-securite-du-quotidien\/","title":{"rendered":"Plan d&#8217;Action D\u00e9partemental de Restauration de la S\u00e9curit\u00e9 du Quotidien"},"content":{"rendered":"<p><span style=\"color: #003366;\"><strong><img loading=\"lazy\" decoding=\"async\" class=\"alignleft size-full wp-image-20707\" src=\"https:\/\/www.bibliotecadeseguranca.com.br\/en\/wp-content\/uploads\/2025\/06\/plan-daction-departemental-de-restauration-de-la-securite-du-quotidien.jpg\" alt=\"Plan d'Action D\u00e9partemental de Restauration de la S\u00e9curit\u00e9 du Quotidien\" width=\"145\" height=\"205\" srcset=\"https:\/\/www.bibliotecadeseguranca.com.br\/en\/wp-content\/uploads\/2025\/06\/plan-daction-departemental-de-restauration-de-la-securite-du-quotidien.jpg 145w, https:\/\/www.bibliotecadeseguranca.com.br\/en\/wp-content\/uploads\/2025\/06\/plan-daction-departemental-de-restauration-de-la-securite-du-quotidien-106x150.jpg 106w\" sizes=\"auto, (max-width: 145px) 100vw, 145px\" \/>Pr\u00e9fecture du Rh\u00f4ne<\/strong><\/span><\/p>\n<p><span style=\"color: #003366;\"><strong>Overview:<\/strong><\/span> Parce que l\u2019on ne prot\u00e8ge bien que ce que l\u2019on conna\u00eet bien, j\u2019ai voulu que dans chaque d\u00e9partement, au plus pr\u00e8s des r\u00e9alit\u00e9s locales, des actions cibl\u00e9es soient pens\u00e9es et men\u00e9es pour lutter plus efficacement contre cette d\u00e9linquance qui empoisonne la vie des Fran\u00e7ais.<br \/>\nC\u2019est le sens de ces plans d\u00e9partementaux de restauration de la s\u00e9curit\u00e9 du quotidien, con\u00e7us par les pr\u00e9fets, avec nos forces de l\u2019ordre et de nombreux acteurs concern\u00e9s par la protection de nos compatriotes.<br \/>\nCes plans reposent donc sur une philosophie d\u2019action \u00e0 laquelle je crois : la subsidiarit\u00e9. Dans notre \u00c9tat encore trop jacobin, elle est essentielle. Car Paris ne sait pas tout ! Ce n\u2019est pas au ministre que je suis de dire quelle patrouille placer \u00e0 tel carrefour : la s\u00e9curit\u00e9 du quotidien est d\u2019abord une affaire de terrain.<br \/>\nJ\u2019ai choisi de faire confiance aux acteurs de terrain. Et ce choix \u00e9tait le bon.<br \/>\nCar sous l\u2019autorit\u00e9 de chaque pr\u00e9fet, un travail exceptionnel et in\u00e9dit a \u00e9t\u00e9 r\u00e9alis\u00e9, pour dresser, \u00e0 travers des diagnostics territoriaux, une cartographie pr\u00e9cise et compl\u00e8te de la d\u00e9linquance, dans chaque d\u00e9partement. D\u00e9sormais, et \u00e0 partir de cette cartographie, des actions cibl\u00e9es vont \u00eatre lanc\u00e9es. Elles seront n\u00e9cessairement diff\u00e9rentes selon les d\u00e9partements, mais elles devront \u00eatre convergentes quant \u00e0 l\u2019objectif poursuivi: obtenir des r\u00e9sultats. Car c\u2019est ce que les Fran\u00e7ais nous demandent.<\/p>\n<p><a href=\"https:\/\/www.bibliotecadeseguranca.com.br\/wp-content\/uploads\/2025\/06\/plan-daction-departemental-de-restauration-de-la-securite-du-quotidien.pdf\" target=\"_blank\" rel=\"noopener\"><img loading=\"lazy\" decoding=\"async\" class=\"alignleft wp-image-11251 size-full\" src=\"https:\/\/www.bibliotecadeseguranca.com.br\/en\/wp-content\/uploads\/2014\/08\/download.gif\" alt=\"Download\" width=\"89\" height=\"25\" \/><\/a><\/p>\n","protected":false},"excerpt":{"rendered":"<p>Pr\u00e9fecture du Rh\u00f4ne Overview: Parce que l\u2019on ne prot\u00e8ge bien que ce que l\u2019on conna\u00eet bien, j\u2019ai voulu que dans chaque d\u00e9partement, au plus pr\u00e8s des r\u00e9alit\u00e9s locales, des actions cibl\u00e9es soient pens\u00e9es et men\u00e9es pour lutter plus efficacement contre cette d\u00e9linquance qui empoisonne la vie des Fran\u00e7ais. C\u2019est le sens de ces plans d\u00e9partementaux de restauration de la s\u00e9curit\u00e9 du quotidien, con\u00e7us par les pr\u00e9fets, avec nos forces de&hellip; <\/p>\n","protected":false},"author":3,"featured_media":20707,"comment_status":"open","ping_status":"closed","sticky":false,"template":"","format":"standard","meta":{"footnotes":""},"categories":[6,112,109,25],"tags":[],"class_list":["post-20706","post","type-post","status-publish","format-standard","has-post-thumbnail","hentry","category-livros","category-download","category-francais","category-seguranca-publica-e-defesa"],"views":165,"_links":{"self":[{"href":"https:\/\/www.bibliotecadeseguranca.com.br\/en\/wp-json\/wp\/v2\/posts\/20706","targetHints":{"allow":["GET"]}}],"collection":[{"href":"https:\/\/www.bibliotecadeseguranca.com.br\/en\/wp-json\/wp\/v2\/posts"}],"about":[{"href":"https:\/\/www.bibliotecadeseguranca.com.br\/en\/wp-json\/wp\/v2\/types\/post"}],"author":[{"embeddable":true,"href":"https:\/\/www.bibliotecadeseguranca.com.br\/en\/wp-json\/wp\/v2\/users\/3"}],"replies":[{"embeddable":true,"href":"https:\/\/www.bibliotecadeseguranca.com.br\/en\/wp-json\/wp\/v2\/comments?post=20706"}],"version-history":[{"count":1,"href":"https:\/\/www.bibliotecadeseguranca.com.br\/en\/wp-json\/wp\/v2\/posts\/20706\/revisions"}],"predecessor-version":[{"id":20708,"href":"https:\/\/www.bibliotecadeseguranca.com.br\/en\/wp-json\/wp\/v2\/posts\/20706\/revisions\/20708"}],"wp:featuredmedia":[{"embeddable":true,"href":"https:\/\/www.bibliotecadeseguranca.com.br\/en\/wp-json\/wp\/v2\/media\/20707"}],"wp:attachment":[{"href":"https:\/\/www.bibliotecadeseguranca.com.br\/en\/wp-json\/wp\/v2\/media?parent=20706"}],"wp:term":[{"taxonomy":"category","embeddable":true,"href":"https:\/\/www.bibliotecadeseguranca.com.br\/en\/wp-json\/wp\/v2\/categories?post=20706"},{"taxonomy":"post_tag","embeddable":true,"href":"https:\/\/www.bibliotecadeseguranca.com.br\/en\/wp-json\/wp\/v2\/tags?post=20706"}],"curies":[{"name":"wp","href":"https:\/\/api.w.org\/{rel}","templated":true}]}}