{"id":20226,"date":"2024-11-15T14:00:56","date_gmt":"2024-11-15T17:00:56","guid":{"rendered":"https:\/\/www.bibliotecadeseguranca.com.br\/en\/?p=20226"},"modified":"2024-11-15T13:35:50","modified_gmt":"2024-11-15T16:35:50","slug":"medias-prevention-de-la-criminalite-et-securite-urbaine","status":"publish","type":"post","link":"https:\/\/www.bibliotecadeseguranca.com.br\/en\/livros\/medias-prevention-de-la-criminalite-et-securite-urbaine\/","title":{"rendered":"M\u00e9dias, Pr\u00e9vention de la Criminalit\u00e9 et S\u00e9curit\u00e9 Urbaine"},"content":{"rendered":"<p><span style=\"color: #003366;\"><strong><img loading=\"lazy\" decoding=\"async\" class=\"alignleft size-full wp-image-20227\" src=\"https:\/\/www.bibliotecadeseguranca.com.br\/en\/wp-content\/uploads\/2024\/11\/medias-prevention-de-la-criminalite-et-securite-urbaine.jpg\" alt=\"M\u00e9dias, Pr\u00e9vention de la Criminalit\u00e9 et S\u00e9curit\u00e9 Urbaine\" width=\"145\" height=\"204\" srcset=\"https:\/\/www.bibliotecadeseguranca.com.br\/en\/wp-content\/uploads\/2024\/11\/medias-prevention-de-la-criminalite-et-securite-urbaine.jpg 145w, https:\/\/www.bibliotecadeseguranca.com.br\/en\/wp-content\/uploads\/2024\/11\/medias-prevention-de-la-criminalite-et-securite-urbaine-107x150.jpg 107w\" sizes=\"auto, (max-width: 145px) 100vw, 145px\" \/>Vivien Carli<\/strong><\/span><\/p>\n<p><span style=\"color: #003366;\"><strong>Centre International pour la Pr\u00e9vention de la Criminalit\u00e9<\/strong><\/span><\/p>\n<p><span style=\"color: #003366;\"><strong>Overview:<\/strong><\/span> Le pr\u00e9sent rapport a pour objet d\u2019analyser l\u2019impact des m\u00e9dias sur la pr\u00e9vention de la criminalit\u00e9, ses auteurs proposant une approche int\u00e9gr\u00e9e permettant d\u2019\u00e9tudier les diff\u00e9rents r\u00f4les jou\u00e9s par les m\u00e9dias dans ce domaine. Si l\u2019on en croit les \u00e9tudes nationales ou ind\u00e9pendantes consacr\u00e9es \u00e0 ce sujet, les m\u00e9dias occuperaient toujours une place centrale en tant que vecteurs de communication, mais aussi acteurs du partage et de la diffusion des informations au sein de la soci\u00e9t\u00e9 : \u00ab les gens se fient aux tendances et aux donn\u00e9es statistiques mises en lumi\u00e8re par les experts et les sources officielles \u00bb (Sacco 2000:208). Cependant, du fait de la nature complexe et multidimensionnelle de l\u2019influence des m\u00e9dias, de leurs interactions et de leurs liens, ces r\u00f4les multiples n\u2019ont \u00e0 ce jour pas encore \u00e9t\u00e9 clairement identifi\u00e9s. C\u2019est la raison pour laquelle l\u2019impact des m\u00e9dias est plus complexe qu\u2019un simple lien de causalit\u00e9, le travail des m\u00e9dias ne consistant pas uniquement \u00e0 suivre les tendances majeures de l\u2019actualit\u00e9. En d\u00e9finitive, une relation participative, interactive et d\u00e9mocratique avec un large panel de sources m\u00e9diatiques offre un moyen de contribuer positivement \u00e0 la pr\u00e9vention de la criminalit\u00e9, et par l\u00e0 m\u00eame d\u2019emp\u00eacher les d\u00e9rives m\u00e9diatiques, les id\u00e9es fausses et la stigmatisation, tout en renfor\u00e7ant l\u2019efficacit\u00e9 des strat\u00e9gies et des mesures adopt\u00e9es.<\/p>\n<p><a href=\"https:\/\/www.bibliotecadeseguranca.com.br\/wp-content\/uploads\/2024\/11\/medias-prevention-de-la-criminalite-et-securite-urbaine.pdf\" target=\"_blank\" rel=\"noopener\"><img loading=\"lazy\" decoding=\"async\" class=\"alignleft wp-image-11251 size-full\" src=\"https:\/\/www.bibliotecadeseguranca.com.br\/en\/wp-content\/uploads\/2014\/08\/download.gif\" alt=\"Download\" width=\"89\" height=\"25\" \/><\/a><\/p>\n","protected":false},"excerpt":{"rendered":"<p>Vivien Carli Centre International pour la Pr\u00e9vention de la Criminalit\u00e9 Overview: Le pr\u00e9sent rapport a pour objet d\u2019analyser l\u2019impact des m\u00e9dias sur la pr\u00e9vention de la criminalit\u00e9, ses auteurs proposant une approche int\u00e9gr\u00e9e permettant d\u2019\u00e9tudier les diff\u00e9rents r\u00f4les jou\u00e9s par les m\u00e9dias dans ce domaine. Si l\u2019on en croit les \u00e9tudes nationales ou ind\u00e9pendantes consacr\u00e9es \u00e0 ce sujet, les m\u00e9dias occuperaient toujours une place centrale en tant que vecteurs de&hellip; <\/p>\n","protected":false},"author":3,"featured_media":20227,"comment_status":"open","ping_status":"closed","sticky":false,"template":"","format":"standard","meta":{"footnotes":""},"categories":[6,10,112,109],"tags":[],"class_list":["post-20226","post","type-post","status-publish","format-standard","has-post-thumbnail","hentry","category-livros","category-crime-violencia-e-criminologia","category-download","category-francais"],"views":231,"_links":{"self":[{"href":"https:\/\/www.bibliotecadeseguranca.com.br\/en\/wp-json\/wp\/v2\/posts\/20226","targetHints":{"allow":["GET"]}}],"collection":[{"href":"https:\/\/www.bibliotecadeseguranca.com.br\/en\/wp-json\/wp\/v2\/posts"}],"about":[{"href":"https:\/\/www.bibliotecadeseguranca.com.br\/en\/wp-json\/wp\/v2\/types\/post"}],"author":[{"embeddable":true,"href":"https:\/\/www.bibliotecadeseguranca.com.br\/en\/wp-json\/wp\/v2\/users\/3"}],"replies":[{"embeddable":true,"href":"https:\/\/www.bibliotecadeseguranca.com.br\/en\/wp-json\/wp\/v2\/comments?post=20226"}],"version-history":[{"count":1,"href":"https:\/\/www.bibliotecadeseguranca.com.br\/en\/wp-json\/wp\/v2\/posts\/20226\/revisions"}],"predecessor-version":[{"id":20228,"href":"https:\/\/www.bibliotecadeseguranca.com.br\/en\/wp-json\/wp\/v2\/posts\/20226\/revisions\/20228"}],"wp:featuredmedia":[{"embeddable":true,"href":"https:\/\/www.bibliotecadeseguranca.com.br\/en\/wp-json\/wp\/v2\/media\/20227"}],"wp:attachment":[{"href":"https:\/\/www.bibliotecadeseguranca.com.br\/en\/wp-json\/wp\/v2\/media?parent=20226"}],"wp:term":[{"taxonomy":"category","embeddable":true,"href":"https:\/\/www.bibliotecadeseguranca.com.br\/en\/wp-json\/wp\/v2\/categories?post=20226"},{"taxonomy":"post_tag","embeddable":true,"href":"https:\/\/www.bibliotecadeseguranca.com.br\/en\/wp-json\/wp\/v2\/tags?post=20226"}],"curies":[{"name":"wp","href":"https:\/\/api.w.org\/{rel}","templated":true}]}}