{"id":20163,"date":"2024-10-18T14:00:30","date_gmt":"2024-10-18T17:00:30","guid":{"rendered":"https:\/\/www.bibliotecadeseguranca.com.br\/en\/?p=20163"},"modified":"2024-10-18T13:33:41","modified_gmt":"2024-10-18T16:33:41","slug":"manual-formativo-en-prevencion-y-resolucion-de-conflictos","status":"publish","type":"post","link":"https:\/\/www.bibliotecadeseguranca.com.br\/en\/livros\/manual-formativo-en-prevencion-y-resolucion-de-conflictos\/","title":{"rendered":"Manual Formativo en Prevenci\u00f3n y Resoluci\u00f3n de Conflictos"},"content":{"rendered":"<p><span style=\"color: #003366;\"><strong><img loading=\"lazy\" decoding=\"async\" class=\"alignleft size-full wp-image-20164\" src=\"https:\/\/www.bibliotecadeseguranca.com.br\/en\/wp-content\/uploads\/2024\/10\/manual-formativo-en-prevencion-y-resolucion-de-conflictos.jpg\" alt=\"Manual Formativo en Prevenci\u00f3n y Resoluci\u00f3n de Conflictos\" width=\"145\" height=\"205\" srcset=\"https:\/\/www.bibliotecadeseguranca.com.br\/en\/wp-content\/uploads\/2024\/10\/manual-formativo-en-prevencion-y-resolucion-de-conflictos.jpg 145w, https:\/\/www.bibliotecadeseguranca.com.br\/en\/wp-content\/uploads\/2024\/10\/manual-formativo-en-prevencion-y-resolucion-de-conflictos-106x150.jpg 106w\" sizes=\"auto, (max-width: 145px) 100vw, 145px\" \/>Programa de Naciones Unidas para el Desarrollo (PNUD)<\/strong><\/span><\/p>\n<p><span style=\"color: #003366;\"><strong>Overview:<\/strong><\/span> El conflicto no es en s\u00ed mismo un fen\u00f3meno negativo, al contrario, el conflicto no violento puede ser un componente esencial para el cambio social y el desarrollo. La resoluci\u00f3n pac\u00edfica del confiicto es posible cuando existen espacios democr\u00e1ticos y estructuras comunitarias, territoriales y nacionales del Estado y de la sociedad civil para gestionar intereses incompatibles. El conflicto se vuelve problem\u00e1tico cuando los mecanismos e instituciones para la gesti\u00f3n y resoluci\u00f3n del conflicto se rompen, dando paso a la violencia. Prevenir este espiral negativo y garantizar la resoluci\u00f3n pac\u00edfica de disputas es un inter\u00e9s central de los estados y de la comunidad internacional. El desaf\u00edo es promover la transformaci\u00f3n social positiva, mientras se previenen y se mitigan los riesgos e impactos potenciales de conflictos violentos y da\u00f1inos.<\/p>\n<p><a href=\"https:\/\/www.bibliotecadeseguranca.com.br\/wp-content\/uploads\/2024\/10\/manual-formativo-en-prevencion-y-resolucion-de-conflictos.pdf\" target=\"_blank\" rel=\"noopener\"><img loading=\"lazy\" decoding=\"async\" class=\"alignleft wp-image-11251 size-full\" src=\"https:\/\/www.bibliotecadeseguranca.com.br\/en\/wp-content\/uploads\/2014\/08\/download.gif\" alt=\"Download\" width=\"89\" height=\"25\" \/><\/a><\/p>\n","protected":false},"excerpt":{"rendered":"<p>Programa de Naciones Unidas para el Desarrollo (PNUD) Overview: El conflicto no es en s\u00ed mismo un fen\u00f3meno negativo, al contrario, el conflicto no violento puede ser un componente esencial para el cambio social y el desarrollo. La resoluci\u00f3n pac\u00edfica del confiicto es posible cuando existen espacios democr\u00e1ticos y estructuras comunitarias, territoriales y nacionales del Estado y de la sociedad civil para gestionar intereses incompatibles. El conflicto se vuelve problem\u00e1tico&hellip; <\/p>\n","protected":false},"author":3,"featured_media":20164,"comment_status":"open","ping_status":"closed","sticky":false,"template":"","format":"standard","meta":{"footnotes":""},"categories":[6,112,81,25],"tags":[],"class_list":["post-20163","post","type-post","status-publish","format-standard","has-post-thumbnail","hentry","category-livros","category-download","category-espanol","category-seguranca-publica-e-defesa"],"views":293,"_links":{"self":[{"href":"https:\/\/www.bibliotecadeseguranca.com.br\/en\/wp-json\/wp\/v2\/posts\/20163","targetHints":{"allow":["GET"]}}],"collection":[{"href":"https:\/\/www.bibliotecadeseguranca.com.br\/en\/wp-json\/wp\/v2\/posts"}],"about":[{"href":"https:\/\/www.bibliotecadeseguranca.com.br\/en\/wp-json\/wp\/v2\/types\/post"}],"author":[{"embeddable":true,"href":"https:\/\/www.bibliotecadeseguranca.com.br\/en\/wp-json\/wp\/v2\/users\/3"}],"replies":[{"embeddable":true,"href":"https:\/\/www.bibliotecadeseguranca.com.br\/en\/wp-json\/wp\/v2\/comments?post=20163"}],"version-history":[{"count":1,"href":"https:\/\/www.bibliotecadeseguranca.com.br\/en\/wp-json\/wp\/v2\/posts\/20163\/revisions"}],"predecessor-version":[{"id":20165,"href":"https:\/\/www.bibliotecadeseguranca.com.br\/en\/wp-json\/wp\/v2\/posts\/20163\/revisions\/20165"}],"wp:featuredmedia":[{"embeddable":true,"href":"https:\/\/www.bibliotecadeseguranca.com.br\/en\/wp-json\/wp\/v2\/media\/20164"}],"wp:attachment":[{"href":"https:\/\/www.bibliotecadeseguranca.com.br\/en\/wp-json\/wp\/v2\/media?parent=20163"}],"wp:term":[{"taxonomy":"category","embeddable":true,"href":"https:\/\/www.bibliotecadeseguranca.com.br\/en\/wp-json\/wp\/v2\/categories?post=20163"},{"taxonomy":"post_tag","embeddable":true,"href":"https:\/\/www.bibliotecadeseguranca.com.br\/en\/wp-json\/wp\/v2\/tags?post=20163"}],"curies":[{"name":"wp","href":"https:\/\/api.w.org\/{rel}","templated":true}]}}