{"id":20095,"date":"2024-09-23T14:00:43","date_gmt":"2024-09-23T17:00:43","guid":{"rendered":"https:\/\/www.bibliotecadeseguranca.com.br\/en\/?p=20095"},"modified":"2024-09-23T13:48:36","modified_gmt":"2024-09-23T16:48:36","slug":"tratado-de-inteligencia-aplicada-a-investigacao-criminal","status":"publish","type":"post","link":"https:\/\/www.bibliotecadeseguranca.com.br\/en\/livros\/tratado-de-inteligencia-aplicada-a-investigacao-criminal\/","title":{"rendered":"Tratado de Intelig\u00eancia &#8211; Aplicada \u00e0 Investiga\u00e7\u00e3o Criminal"},"content":{"rendered":"<p><span style=\"color: #003366;\"><strong><img loading=\"lazy\" decoding=\"async\" class=\"alignleft size-full wp-image-20096\" src=\"https:\/\/www.bibliotecadeseguranca.com.br\/en\/wp-content\/uploads\/2024\/09\/tratado-de-inteligencia-aplicada-a-investigacao-criminal.jpg\" alt=\"Tratado de Intelig\u00eancia - Aplicada \u00e0 Investiga\u00e7\u00e3o Criminal\" width=\"145\" height=\"205\" srcset=\"https:\/\/www.bibliotecadeseguranca.com.br\/en\/wp-content\/uploads\/2024\/09\/tratado-de-inteligencia-aplicada-a-investigacao-criminal.jpg 145w, https:\/\/www.bibliotecadeseguranca.com.br\/en\/wp-content\/uploads\/2024\/09\/tratado-de-inteligencia-aplicada-a-investigacao-criminal-106x150.jpg 106w\" sizes=\"auto, (max-width: 145px) 100vw, 145px\" \/>Emerson Wendt, Cristiano de Castro Reschke<\/strong><\/span><\/p>\n<p><span style=\"color: #003366;\"><strong>Publisher Brasport<\/strong><\/span><\/p>\n<p><span style=\"color: #003366;\"><strong>Overview:<\/strong><\/span> Este livro est\u00e1 organizado em quatro pontos, partindo (a) de uma revis\u00e3o conceitual, necess\u00e1ria [o \u00f3bvio precisa ser dito e lembrado!], passando (b) pela utilidade da Intelig\u00eancia no enfrentamento ao crime [organizado ou n\u00e3o], baseado na tecnologia ou n\u00e3o, como nos Labs-LD, Ciber-Labs ou na intercepta\u00e7\u00e3o telem\u00e1tica, analisando (c) a import\u00e2ncia dela nos processos de contraintelig\u00eancia, como mecanismos de prote\u00e7\u00e3o e mitiga\u00e7\u00e3o de riscos \u00e0 organiza\u00e7\u00e3o policial e seus integrantes, e finalizando (d) com o tema da gest\u00e3o policial baseada em governan\u00e7a da Intelig\u00eancia e fomento pol\u00edtico-administrativo ao segmento.<\/p>\n","protected":false},"excerpt":{"rendered":"<p>Emerson Wendt, Cristiano de Castro Reschke Publisher Brasport Overview: Este livro est\u00e1 organizado em quatro pontos, partindo (a) de uma revis\u00e3o conceitual, necess\u00e1ria [o \u00f3bvio precisa ser dito e lembrado!], passando (b) pela utilidade da Intelig\u00eancia no enfrentamento ao crime [organizado ou n\u00e3o], baseado na tecnologia ou n\u00e3o, como nos Labs-LD, Ciber-Labs ou na intercepta\u00e7\u00e3o telem\u00e1tica, analisando (c) a import\u00e2ncia dela nos processos de contraintelig\u00eancia, como mecanismos de prote\u00e7\u00e3o e&hellip; <\/p>\n","protected":false},"author":3,"featured_media":20096,"comment_status":"open","ping_status":"closed","sticky":false,"template":"","format":"standard","meta":{"footnotes":""},"categories":[6,10,15],"tags":[],"class_list":["post-20095","post","type-post","status-publish","format-standard","has-post-thumbnail","hentry","category-livros","category-crime-violencia-e-criminologia","category-fraude-e-investigacao"],"views":450,"_links":{"self":[{"href":"https:\/\/www.bibliotecadeseguranca.com.br\/en\/wp-json\/wp\/v2\/posts\/20095","targetHints":{"allow":["GET"]}}],"collection":[{"href":"https:\/\/www.bibliotecadeseguranca.com.br\/en\/wp-json\/wp\/v2\/posts"}],"about":[{"href":"https:\/\/www.bibliotecadeseguranca.com.br\/en\/wp-json\/wp\/v2\/types\/post"}],"author":[{"embeddable":true,"href":"https:\/\/www.bibliotecadeseguranca.com.br\/en\/wp-json\/wp\/v2\/users\/3"}],"replies":[{"embeddable":true,"href":"https:\/\/www.bibliotecadeseguranca.com.br\/en\/wp-json\/wp\/v2\/comments?post=20095"}],"version-history":[{"count":1,"href":"https:\/\/www.bibliotecadeseguranca.com.br\/en\/wp-json\/wp\/v2\/posts\/20095\/revisions"}],"predecessor-version":[{"id":20097,"href":"https:\/\/www.bibliotecadeseguranca.com.br\/en\/wp-json\/wp\/v2\/posts\/20095\/revisions\/20097"}],"wp:featuredmedia":[{"embeddable":true,"href":"https:\/\/www.bibliotecadeseguranca.com.br\/en\/wp-json\/wp\/v2\/media\/20096"}],"wp:attachment":[{"href":"https:\/\/www.bibliotecadeseguranca.com.br\/en\/wp-json\/wp\/v2\/media?parent=20095"}],"wp:term":[{"taxonomy":"category","embeddable":true,"href":"https:\/\/www.bibliotecadeseguranca.com.br\/en\/wp-json\/wp\/v2\/categories?post=20095"},{"taxonomy":"post_tag","embeddable":true,"href":"https:\/\/www.bibliotecadeseguranca.com.br\/en\/wp-json\/wp\/v2\/tags?post=20095"}],"curies":[{"name":"wp","href":"https:\/\/api.w.org\/{rel}","templated":true}]}}