{"id":19820,"date":"2024-05-27T14:00:49","date_gmt":"2024-05-27T17:00:49","guid":{"rendered":"https:\/\/www.bibliotecadeseguranca.com.br\/en\/?p=19820"},"modified":"2024-05-27T12:58:25","modified_gmt":"2024-05-27T15:58:25","slug":"revista-fenavist-edicao-especial-ano-xx-n-46-abril-2024","status":"publish","type":"post","link":"https:\/\/www.bibliotecadeseguranca.com.br\/en\/periodicos-de-seguranca\/revista-fenavist-edicao-especial-ano-xx-n-46-abril-2024\/","title":{"rendered":"Revista Fenavist &#8211; Edi\u00e7\u00e3o Especial &#8211; Ano XX &#8211; N 46 &#8211; Abril 2024"},"content":{"rendered":"<p><span style=\"color: #003366;\"><strong><img loading=\"lazy\" decoding=\"async\" class=\"alignleft size-full wp-image-19821\" src=\"https:\/\/www.bibliotecadeseguranca.com.br\/en\/wp-content\/uploads\/2024\/05\/revista-fenavist-edicao-especial-ano-xx-n-46-abril-2024.jpg\" alt=\"Revista Fenavist - Edi\u00e7\u00e3o Especial - Ano XX - N 46 - Abril 2024\" width=\"145\" height=\"194\" srcset=\"https:\/\/www.bibliotecadeseguranca.com.br\/en\/wp-content\/uploads\/2024\/05\/revista-fenavist-edicao-especial-ano-xx-n-46-abril-2024.jpg 145w, https:\/\/www.bibliotecadeseguranca.com.br\/en\/wp-content\/uploads\/2024\/05\/revista-fenavist-edicao-especial-ano-xx-n-46-abril-2024-112x150.jpg 112w\" sizes=\"auto, (max-width: 145px) 100vw, 145px\" \/>Overview:<\/strong><\/span> gostaria de agradecer a presen\u00e7a de todos e dizer que receb\u00ea-los aqui nesta memor\u00e1vel noite, em que comemoramos os 35 anos da nossa Federa\u00e7\u00e3o, \u00e9 motivo de muito orgulho e grande alegria para todos n\u00f3s que fazemos parte da Fenavist!<br \/>\nAgrade\u00e7o tamb\u00e9m a todos que contribu\u00edram para fortalecer a nossa representatividade: os empres\u00e1rios da seguran\u00e7a privada, do transporte de valores, da escolta armada, as escolas de forma\u00e7\u00e3o, os vigilantes, nossos colaboradores diretos que est\u00e3o conosco no dia a dia da Fenavist, nossos prestadores de servi\u00e7o e parceiros, enfim a todos que engrandecem a nossa Federa\u00e7\u00e3o.<br \/>\nQuero cumprimentar especialmente a todos os presidentes dos sindicatos de todos os estados da federa\u00e7\u00e3o, aqui presentes, que nos auxiliam na condu\u00e7\u00e3o da defesa dos interesses do setor de seguran\u00e7a privada. Sem eles, dificilmente ter\u00edamos condi\u00e7\u00f5es de auxiliar as empresas que est\u00e3o nos milhares de munic\u00edpios em todas as regi\u00f5es do nosso imenso Pa\u00eds.<br \/>\nMeus cumprimentos tamb\u00e9m aos parlamentares, deputados e senadores, representantes da Pol\u00edcia Federal, e a outras autoridades, que muito nos honram com suas presen\u00e7as.<br \/>\nComo forma de demonstrar nossa gratid\u00e3o, homenageio nossos ex-presidentes da Fenavist: o ex-senador Eun\u00edcio Oliveira, L\u00e9lio Vieira Carneiro, Cl\u00e1udio Neves, Jerfferson Sim\u00f5es e Odair Concei\u00e7\u00e3o.<br \/>\nAp\u00f3s esses agradecimentos e essas justas homenagens, gostaria de fazer uma breve retrospectiva deste importante setor da economia, que vem prestando um servi\u00e7o complementar \u00e0 seguran\u00e7a p\u00fablica do Brasil nas \u00faltimas d\u00e9cadas.<\/p>\n<p><a href=\"https:\/\/www.bibliotecadeseguranca.com.br\/wp-content\/uploads\/2024\/05\/revista-fenavist-edicao-especial-ano-xx-n-46-abril-2024.pdf\" target=\"_blank\" rel=\"noopener\"><img loading=\"lazy\" decoding=\"async\" class=\"alignleft wp-image-11251 size-full\" src=\"https:\/\/www.bibliotecadeseguranca.com.br\/en\/wp-content\/uploads\/2014\/08\/download.gif\" alt=\"Download\" width=\"89\" height=\"25\" \/><\/a><\/p>\n","protected":false},"excerpt":{"rendered":"<p>Overview: gostaria de agradecer a presen\u00e7a de todos e dizer que receb\u00ea-los aqui nesta memor\u00e1vel noite, em que comemoramos os 35 anos da nossa Federa\u00e7\u00e3o, \u00e9 motivo de muito orgulho e grande alegria para todos n\u00f3s que fazemos parte da Fenavist! Agrade\u00e7o tamb\u00e9m a todos que contribu\u00edram para fortalecer a nossa representatividade: os empres\u00e1rios da seguran\u00e7a privada, do transporte de valores, da escolta armada, as escolas de forma\u00e7\u00e3o, os vigilantes,&hellip; <\/p>\n","protected":false},"author":3,"featured_media":19821,"comment_status":"open","ping_status":"closed","sticky":false,"template":"","format":"standard","meta":{"footnotes":""},"categories":[112,123,71],"tags":[],"class_list":["post-19820","post","type-post","status-publish","format-standard","has-post-thumbnail","hentry","category-download","category-revista-fenavist","category-periodicos-de-seguranca"],"views":360,"_links":{"self":[{"href":"https:\/\/www.bibliotecadeseguranca.com.br\/en\/wp-json\/wp\/v2\/posts\/19820","targetHints":{"allow":["GET"]}}],"collection":[{"href":"https:\/\/www.bibliotecadeseguranca.com.br\/en\/wp-json\/wp\/v2\/posts"}],"about":[{"href":"https:\/\/www.bibliotecadeseguranca.com.br\/en\/wp-json\/wp\/v2\/types\/post"}],"author":[{"embeddable":true,"href":"https:\/\/www.bibliotecadeseguranca.com.br\/en\/wp-json\/wp\/v2\/users\/3"}],"replies":[{"embeddable":true,"href":"https:\/\/www.bibliotecadeseguranca.com.br\/en\/wp-json\/wp\/v2\/comments?post=19820"}],"version-history":[{"count":1,"href":"https:\/\/www.bibliotecadeseguranca.com.br\/en\/wp-json\/wp\/v2\/posts\/19820\/revisions"}],"predecessor-version":[{"id":19822,"href":"https:\/\/www.bibliotecadeseguranca.com.br\/en\/wp-json\/wp\/v2\/posts\/19820\/revisions\/19822"}],"wp:featuredmedia":[{"embeddable":true,"href":"https:\/\/www.bibliotecadeseguranca.com.br\/en\/wp-json\/wp\/v2\/media\/19821"}],"wp:attachment":[{"href":"https:\/\/www.bibliotecadeseguranca.com.br\/en\/wp-json\/wp\/v2\/media?parent=19820"}],"wp:term":[{"taxonomy":"category","embeddable":true,"href":"https:\/\/www.bibliotecadeseguranca.com.br\/en\/wp-json\/wp\/v2\/categories?post=19820"},{"taxonomy":"post_tag","embeddable":true,"href":"https:\/\/www.bibliotecadeseguranca.com.br\/en\/wp-json\/wp\/v2\/tags?post=19820"}],"curies":[{"name":"wp","href":"https:\/\/api.w.org\/{rel}","templated":true}]}}