{"id":19724,"date":"2024-04-15T14:00:17","date_gmt":"2024-04-15T17:00:17","guid":{"rendered":"https:\/\/www.bibliotecadeseguranca.com.br\/en\/?p=19724"},"modified":"2024-04-15T13:38:39","modified_gmt":"2024-04-15T16:38:39","slug":"revista-prelecao-ano-i-n-06","status":"publish","type":"post","link":"https:\/\/www.bibliotecadeseguranca.com.br\/en\/periodicos-de-seguranca\/revista-prelecao-ano-i-n-06\/","title":{"rendered":"Revista Prele\u00e7\u00e3o \u2013 Ano I \u2013 N\u00b0 06"},"content":{"rendered":"<p><span style=\"color: #003366;\"><strong><img loading=\"lazy\" decoding=\"async\" class=\"alignleft size-full wp-image-19725\" src=\"https:\/\/www.bibliotecadeseguranca.com.br\/en\/wp-content\/uploads\/2024\/04\/revista-prelecao-ano-i-n-06.jpg\" alt=\"Revista Prele\u00e7\u00e3o \u2013 Ano I \u2013 N\u00b0 06\" width=\"145\" height=\"198\" srcset=\"https:\/\/www.bibliotecadeseguranca.com.br\/en\/wp-content\/uploads\/2024\/04\/revista-prelecao-ano-i-n-06.jpg 145w, https:\/\/www.bibliotecadeseguranca.com.br\/en\/wp-content\/uploads\/2024\/04\/revista-prelecao-ano-i-n-06-110x150.jpg 110w\" sizes=\"auto, (max-width: 145px) 100vw, 145px\" \/>Pol\u00edcia Militar do Estado do Esp\u00edrito Santo<\/strong><\/span><\/p>\n<p><span style=\"color: #003366;\"><strong>Overview:<\/strong><\/span> Neste m\u00eas de agosto, o Minist\u00e9rio da Justi\u00e7a, atrav\u00e9s da Secretaria Nacional de Seguran\u00e7a P\u00fablica \u2013 SENASP, realizar\u00e1 a 1\u00aa Confer\u00eancia Nacional de Seguran\u00e7a P\u00fablica (CONSEG). \u00c9 um evento relevante que possibilita a participa\u00e7\u00e3o dos integrantes da Seguran\u00e7a P\u00fablica e mobiliza\u00e7\u00e3o da sociedade civil, tornando a seguran\u00e7a p\u00fablica um tema de estudo, debate e renova\u00e7\u00e3o.<br \/>\nSeguran\u00e7a \u00e9 um direito fundamental e a participa\u00e7\u00e3o popular \u00e9 o efetivo exerc\u00edcio da cidadania, que vem a colaborar com o Estado na formula\u00e7\u00e3o de pol\u00edticas de seguran\u00e7a p\u00fablica, que aliadas \u00e0 a\u00e7\u00f5es sociais efetivas contribuem sobremaneira para a preven\u00e7\u00e3o e o controle da viol\u00eancia e criminalidade.<br \/>\nTamb\u00e9m no m\u00eas de agosto a Pol\u00edcia Militar comemora o anivers\u00e1rio de 85 anos do ensino policial, tendo por base a data de cria\u00e7\u00e3o da antiga Companhia Escola (1924), e como parte dos eventos alusivos ocorre o lan\u00e7amento da 6\u00aa Edi\u00e7\u00e3o da Revista Prele\u00e7\u00e3o.<br \/>\nOportuno \u00e9 o pensamento que as Corpora\u00e7\u00f5es devem investir na constante capacita\u00e7\u00e3o profissional e na valoriza\u00e7\u00e3o de seus integrantes, buscando o aperfei\u00e7oamento de m\u00e9todos e processos para ado\u00e7\u00e3o das melhores pr\u00e1ticas policiais, visando atender a sociedade com a qualidade e efetividade esperada.<br \/>\nNessa perspectiva, o pensamento estrat\u00e9gico requer trabalhar com novos paradigmas administrativos, o que implica pensar estrat\u00e9gias para fazer frente \u00e0s novas demandas da Corpora\u00e7\u00e3o e seu posicionamento perante o futuro.<br \/>\nFace \u00e0 demanda de permanente atualiza\u00e7\u00e3o do conhecimento, pensar na utiliza\u00e7\u00e3o de novas modalidades de ensino na Pol\u00edcia Militar do Estado do Esp\u00edrito Santo torna-se necess\u00e1rio, vislumbrando implantar sistemas de educa\u00e7\u00e3o adaptados \u00e0 realidade policial militar.<br \/>\nEvoluir significa ampliar os horizontes, criar e utilizar novas concep\u00e7\u00f5es de atua\u00e7\u00e3o profissional integrando-se com o ambiente no qual a organiza\u00e7\u00e3o est\u00e1 inserida, avaliando a atividade de seguran\u00e7a p\u00fablica e seus novos rumos, de forma a adaptar-se aos par\u00e2metros definidos pela sociedade.<\/p>\n<p><a href=\"https:\/\/www.bibliotecadeseguranca.com.br\/wp-content\/uploads\/2024\/04\/revista-prelecao-ano-i-n-06.pdf\" target=\"_blank\" rel=\"noopener\"><img loading=\"lazy\" decoding=\"async\" class=\"alignleft wp-image-11251 size-full\" src=\"https:\/\/www.bibliotecadeseguranca.com.br\/en\/wp-content\/uploads\/2014\/08\/download.gif\" alt=\"Download\" width=\"89\" height=\"25\" \/><\/a><\/p>\n","protected":false},"excerpt":{"rendered":"<p>Pol\u00edcia Militar do Estado do Esp\u00edrito Santo Overview: Neste m\u00eas de agosto, o Minist\u00e9rio da Justi\u00e7a, atrav\u00e9s da Secretaria Nacional de Seguran\u00e7a P\u00fablica \u2013 SENASP, realizar\u00e1 a 1\u00aa Confer\u00eancia Nacional de Seguran\u00e7a P\u00fablica (CONSEG). \u00c9 um evento relevante que possibilita a participa\u00e7\u00e3o dos integrantes da Seguran\u00e7a P\u00fablica e mobiliza\u00e7\u00e3o da sociedade civil, tornando a seguran\u00e7a p\u00fablica um tema de estudo, debate e renova\u00e7\u00e3o. Seguran\u00e7a \u00e9 um direito fundamental e a&hellip; <\/p>\n","protected":false},"author":3,"featured_media":19725,"comment_status":"open","ping_status":"closed","sticky":false,"template":"","format":"standard","meta":{"footnotes":""},"categories":[112,127,71],"tags":[],"class_list":["post-19724","post","type-post","status-publish","format-standard","has-post-thumbnail","hentry","category-download","category-revista-prelecao","category-periodicos-de-seguranca"],"views":308,"_links":{"self":[{"href":"https:\/\/www.bibliotecadeseguranca.com.br\/en\/wp-json\/wp\/v2\/posts\/19724","targetHints":{"allow":["GET"]}}],"collection":[{"href":"https:\/\/www.bibliotecadeseguranca.com.br\/en\/wp-json\/wp\/v2\/posts"}],"about":[{"href":"https:\/\/www.bibliotecadeseguranca.com.br\/en\/wp-json\/wp\/v2\/types\/post"}],"author":[{"embeddable":true,"href":"https:\/\/www.bibliotecadeseguranca.com.br\/en\/wp-json\/wp\/v2\/users\/3"}],"replies":[{"embeddable":true,"href":"https:\/\/www.bibliotecadeseguranca.com.br\/en\/wp-json\/wp\/v2\/comments?post=19724"}],"version-history":[{"count":1,"href":"https:\/\/www.bibliotecadeseguranca.com.br\/en\/wp-json\/wp\/v2\/posts\/19724\/revisions"}],"predecessor-version":[{"id":19726,"href":"https:\/\/www.bibliotecadeseguranca.com.br\/en\/wp-json\/wp\/v2\/posts\/19724\/revisions\/19726"}],"wp:featuredmedia":[{"embeddable":true,"href":"https:\/\/www.bibliotecadeseguranca.com.br\/en\/wp-json\/wp\/v2\/media\/19725"}],"wp:attachment":[{"href":"https:\/\/www.bibliotecadeseguranca.com.br\/en\/wp-json\/wp\/v2\/media?parent=19724"}],"wp:term":[{"taxonomy":"category","embeddable":true,"href":"https:\/\/www.bibliotecadeseguranca.com.br\/en\/wp-json\/wp\/v2\/categories?post=19724"},{"taxonomy":"post_tag","embeddable":true,"href":"https:\/\/www.bibliotecadeseguranca.com.br\/en\/wp-json\/wp\/v2\/tags?post=19724"}],"curies":[{"name":"wp","href":"https:\/\/api.w.org\/{rel}","templated":true}]}}