{"id":19660,"date":"2024-03-18T14:00:41","date_gmt":"2024-03-18T17:00:41","guid":{"rendered":"https:\/\/www.bibliotecadeseguranca.com.br\/en\/?p=19660"},"modified":"2024-03-18T13:49:12","modified_gmt":"2024-03-18T16:49:12","slug":"revista-fenavist-ano-xix-n-45-dezembro-2023","status":"publish","type":"post","link":"https:\/\/www.bibliotecadeseguranca.com.br\/en\/periodicos-de-seguranca\/revista-fenavist-ano-xix-n-45-dezembro-2023\/","title":{"rendered":"Revista Fenavist \u2013 Ano XIX \u2013 N 45 \u2013 Dezembro 2023"},"content":{"rendered":"<p><span style=\"color: #003366;\"><strong><img loading=\"lazy\" decoding=\"async\" class=\"alignleft size-full wp-image-19661\" src=\"https:\/\/www.bibliotecadeseguranca.com.br\/en\/wp-content\/uploads\/2024\/03\/revista-fenavist-ano-xix-n-45-dezembro-2023.jpg\" alt=\"Revista Fenavist \u2013 Ano XIX \u2013 N 45 \u2013 Dezembro 2023\" width=\"145\" height=\"194\" srcset=\"https:\/\/www.bibliotecadeseguranca.com.br\/en\/wp-content\/uploads\/2024\/03\/revista-fenavist-ano-xix-n-45-dezembro-2023.jpg 145w, https:\/\/www.bibliotecadeseguranca.com.br\/en\/wp-content\/uploads\/2024\/03\/revista-fenavist-ano-xix-n-45-dezembro-2023-112x150.jpg 112w\" sizes=\"auto, (max-width: 145px) 100vw, 145px\" \/>Overview:<\/strong><\/span> Como n\u00e3o se indignar?<\/p>\n<p>Recentemente, nos deparamos com um anivers\u00e1rio que n\u00e3o gostar\u00edamos de comemorar. H\u00e1 exatos sete anos, a C\u00e2mara dos Deputados aprovou o Estatuto da Seguran\u00e7a Privada e encaminhou o projeto para a \u00faltima an\u00e1lise no Senado Federal.<br \/>\nSete anos. Isso mesmo, voc\u00ea n\u00e3o est\u00e1 lendo errado. Quase uma d\u00e9cada de espera. A in\u00e9rcia do Senado \u00e9 t\u00e3o grande que o Estatuto foi arquivado por n\u00e3o ter sido votado na legisla\u00e7\u00e3o anterior. Iremos mudar isso com a aprova\u00e7\u00e3o de um dos dois requerimentos apresentados, que aguardam a inclus\u00e3o na pauta, com mais de 30 assinaturas de senadores pedindo o desarquivamento do projeto. Em meio a essa paralisia inexplic\u00e1vel, somos submetidos a todo o tipo de prova\u00e7\u00e3o.<br \/>\nNos \u00faltimos 10 anos, perdemos cerca de 200 mil postos de emprego. A maioria das vagas poderia ter sido mantida se o Estatuto j\u00e1 tivesse sido aprovado. Na verdade, milhares de novos empregos teriam sido gerados. O pior \u00e9 que se a nova legisla\u00e7\u00e3o n\u00e3o for aprovada, segundo especialistas, continuaremos a perder 20 mil postos de trabalho ao ano na pr\u00f3xima d\u00e9cada, um encolhimento sem precedentes. Mais uma pancada na economia do Brasil, uma vez que geramos, atualmente, meio milh\u00e3o de empregos diretos, na seguran\u00e7a das institui\u00e7\u00f5es financeiras, dos patrim\u00f4nios e das pessoas, e somos um dos maiores pagadores de impostos do Pa\u00eds.<br \/>\nAl\u00e9m da atualiza\u00e7\u00e3o das normas, da seguran\u00e7a jur\u00eddica, da regulamenta\u00e7\u00e3o da seguran\u00e7a eletr\u00f4nica, a nova lei \u00e9 imprescind\u00edvel para o combate \u00e0 clandestinidade, grande c\u00e2ncer que se prolifera no nosso setor. Hoje, segundo estimativas, pelo menos um milh\u00e3o de pessoas atua na \u00e1rea de seguran\u00e7a na informalidade, o dobro de profissionais que empregamos. Imaginem a evas\u00e3o fiscal, o que acontece de ilegal e criminoso praticado por pessoas sem escr\u00fapulos e que se utilizam de armas contrabandeadas, crimes fora do controle da Pol\u00edcia Federal, que, sem uma legisla\u00e7\u00e3o mais eficiente, n\u00e3o tem como punir e criminalizar os infratores. Mas sabemos que, quando o crime acontece, quando pessoas despreparadas agridem e matam, quem paga a conta \u00e9 o empres\u00e1rio devidamente legalizado, porque o clandestino foge ao controle da Pol\u00edcia Federal e ningu\u00e9m sabe onde ele se esconde.<br \/>\nN\u00e3o bastasse a falta de uma legisla\u00e7\u00e3o mais atual que regulamente o setor da seguran\u00e7a privada no Pa\u00eds, o Congresso Nacional poder\u00e1 nos impor mais uma derrota, uma facada que far\u00e1 sangrar ainda mais o nosso segmento. Apesar de modifica\u00e7\u00f5es feitas no Senado, o texto da reforma tribut\u00e1ria \u00e9 extremamente prejudicial ao setor de servi\u00e7os, principalmente para as atividades com grande incid\u00eancia de m\u00e3o de obra, como \u00e9 o caso da seguran\u00e7a privada. Alguns economistas falam em aumento de at\u00e9 200% na tributa\u00e7\u00e3o.<br \/>\nLamentavelmente o Congresso Nacional ignora completamente o nosso potencial econ\u00f4mico e de gera\u00e7\u00e3o de empregos ao deixar a seguran\u00e7a privada de fora dos setores beneficiados com a desonera\u00e7\u00e3o da folha de pagamento. Apenas os 17 setores j\u00e1 contemplados, que recebem a alcunha de serem os maiores empregadores do Pa\u00eds, quando muitos nem chegam perto dos nossos n\u00fameros, foram contemplados com a prorroga\u00e7\u00e3o do benef\u00edcio at\u00e9 2027. O presidente Lula vetou a proposta, mas \u00e9 consenso entre deputados e senadores que a decis\u00e3o ser\u00e1 mudada pelo Congresso.<br \/>\nDiante de tudo isso, indigna\u00e7\u00e3o \u00e9 o que resume muito bem o que o setor tem sentido.<br \/>\nN\u00e3o pensem, por\u00e9m, que seremos vencidos! A frustra\u00e7\u00e3o do momento \u00e9 o combust\u00edvel que nos far\u00e1 trabalhar ainda mais para mudar essa situa\u00e7\u00e3o. A hist\u00f3ria da seguran\u00e7a privada no Brasil \u00e9 de desafios e sempre vencemos todos. N\u00e3o vai ser agora que vamos desistir.<br \/>\nDesejo a todos um Feliz Natal e um Ano-Novo de muitas conquistas e energia redobrada para vencermos todos os desafios.<\/p>\n<p>Juntos, somos mais fortes!<\/p>\n<p>Jeferson Naz\u00e1rio<br \/>\nPresidente da Fenavist<\/p>\n<p><a href=\"https:\/\/www.bibliotecadeseguranca.com.br\/wp-content\/uploads\/2024\/03\/revista-fenavist-ano-xix-n-45-dezembro-2023.pdf\" target=\"_blank\" rel=\"noopener\"><img loading=\"lazy\" decoding=\"async\" class=\"alignleft wp-image-11251 size-full\" src=\"https:\/\/www.bibliotecadeseguranca.com.br\/en\/wp-content\/uploads\/2014\/08\/download.gif\" alt=\"Download\" width=\"89\" height=\"25\" \/><\/a><\/p>\n","protected":false},"excerpt":{"rendered":"<p>Overview: Como n\u00e3o se indignar? Recentemente, nos deparamos com um anivers\u00e1rio que n\u00e3o gostar\u00edamos de comemorar. H\u00e1 exatos sete anos, a C\u00e2mara dos Deputados aprovou o Estatuto da Seguran\u00e7a Privada e encaminhou o projeto para a \u00faltima an\u00e1lise no Senado Federal. Sete anos. Isso mesmo, voc\u00ea n\u00e3o est\u00e1 lendo errado. Quase uma d\u00e9cada de espera. A in\u00e9rcia do Senado \u00e9 t\u00e3o grande que o Estatuto foi arquivado por n\u00e3o ter&hellip; <\/p>\n","protected":false},"author":3,"featured_media":19661,"comment_status":"open","ping_status":"closed","sticky":false,"template":"","format":"standard","meta":{"footnotes":""},"categories":[112,123,71],"tags":[],"class_list":["post-19660","post","type-post","status-publish","format-standard","has-post-thumbnail","hentry","category-download","category-revista-fenavist","category-periodicos-de-seguranca"],"views":374,"_links":{"self":[{"href":"https:\/\/www.bibliotecadeseguranca.com.br\/en\/wp-json\/wp\/v2\/posts\/19660","targetHints":{"allow":["GET"]}}],"collection":[{"href":"https:\/\/www.bibliotecadeseguranca.com.br\/en\/wp-json\/wp\/v2\/posts"}],"about":[{"href":"https:\/\/www.bibliotecadeseguranca.com.br\/en\/wp-json\/wp\/v2\/types\/post"}],"author":[{"embeddable":true,"href":"https:\/\/www.bibliotecadeseguranca.com.br\/en\/wp-json\/wp\/v2\/users\/3"}],"replies":[{"embeddable":true,"href":"https:\/\/www.bibliotecadeseguranca.com.br\/en\/wp-json\/wp\/v2\/comments?post=19660"}],"version-history":[{"count":1,"href":"https:\/\/www.bibliotecadeseguranca.com.br\/en\/wp-json\/wp\/v2\/posts\/19660\/revisions"}],"predecessor-version":[{"id":19662,"href":"https:\/\/www.bibliotecadeseguranca.com.br\/en\/wp-json\/wp\/v2\/posts\/19660\/revisions\/19662"}],"wp:featuredmedia":[{"embeddable":true,"href":"https:\/\/www.bibliotecadeseguranca.com.br\/en\/wp-json\/wp\/v2\/media\/19661"}],"wp:attachment":[{"href":"https:\/\/www.bibliotecadeseguranca.com.br\/en\/wp-json\/wp\/v2\/media?parent=19660"}],"wp:term":[{"taxonomy":"category","embeddable":true,"href":"https:\/\/www.bibliotecadeseguranca.com.br\/en\/wp-json\/wp\/v2\/categories?post=19660"},{"taxonomy":"post_tag","embeddable":true,"href":"https:\/\/www.bibliotecadeseguranca.com.br\/en\/wp-json\/wp\/v2\/tags?post=19660"}],"curies":[{"name":"wp","href":"https:\/\/api.w.org\/{rel}","templated":true}]}}