{"id":19543,"date":"2024-01-22T14:00:07","date_gmt":"2024-01-22T17:00:07","guid":{"rendered":"https:\/\/www.bibliotecadeseguranca.com.br\/en\/?p=19543"},"modified":"2024-01-22T13:04:34","modified_gmt":"2024-01-22T16:04:34","slug":"revista-prelecao-ano-i-n-04","status":"publish","type":"post","link":"https:\/\/www.bibliotecadeseguranca.com.br\/en\/periodicos-de-seguranca\/revista-prelecao-ano-i-n-04\/","title":{"rendered":"Revista Prele\u00e7\u00e3o \u2013 Ano I \u2013 N\u00b0 04"},"content":{"rendered":"<p><span style=\"color: #003366;\"><strong><img loading=\"lazy\" decoding=\"async\" class=\"alignleft size-full wp-image-19544\" src=\"https:\/\/www.bibliotecadeseguranca.com.br\/en\/wp-content\/uploads\/2024\/01\/revista-prelecao-ano-i-n-04.jpg\" alt=\"Revista Prele\u00e7\u00e3o \u2013 Ano I \u2013 N\u00b0 04\" width=\"145\" height=\"202\" srcset=\"https:\/\/www.bibliotecadeseguranca.com.br\/en\/wp-content\/uploads\/2024\/01\/revista-prelecao-ano-i-n-04.jpg 145w, https:\/\/www.bibliotecadeseguranca.com.br\/en\/wp-content\/uploads\/2024\/01\/revista-prelecao-ano-i-n-04-108x150.jpg 108w\" sizes=\"auto, (max-width: 145px) 100vw, 145px\" \/>Pol\u00edcia Militar do Estado do Esp\u00edrito Santo<\/strong><\/span><\/p>\n<p><span style=\"color: #003366;\"><strong>Overview:<\/strong><\/span> Data de 1835 a cria\u00e7\u00e3o da Pol\u00edcia Militar do Esp\u00edrito Santo &#8211; PMES. Segundo pesquisas, a atividade de ensino foi estruturada na Corpora\u00e7\u00e3o no ano de 1924, quando da cria\u00e7\u00e3o da Companhia Escola, instalada no Quartel do Moscoso &#8211; antiga sede da For\u00e7a P\u00fablica.<br \/>\nCom base nesta data, no m\u00eas de agosto de 2008, comemora-se os 84 anos do ensino policial militar, sendo o momento de render justas homenagens aos professores civis e militares, alunos e aos integrantes da Diretoria e Ensino e Instru\u00e7\u00e3o &#8211; DEI e do Centro de Forma\u00e7\u00e3o e Aperfei\u00e7oamento \u2013 CFA, e como parte das comemora\u00e7\u00f5es, ocorre o lan\u00e7amento da 4\u00aa Edi\u00e7\u00e3o da Revista Prele\u00e7\u00e3o.<br \/>\nNeste ano, temos v\u00e1rios cursos em andamento, destacando-se o Curso Superior de Pol\u00edcia \u2013 CSP destinado aos Oficiais Superiores que efetivamente est\u00e3o em n\u00edveis estrat\u00e9gicos de Chefia e Comando das Unidades da Corpora\u00e7\u00e3o. Em fase de conclus\u00e3o temos o Curso de Aperfei\u00e7oamento de Oficiais \u2013 CAO, em que os Capit\u00e3es-Alunos apresentam seus trabalhos cient\u00edficos, catalogados nesta edi\u00e7\u00e3o. O Curso de Forma\u00e7\u00e3o de Oficiais \u2013 CFO 2\u00b0 Ano est\u00e1 em andamento na Pol\u00edcia Militar de Minas Gerais. Cumprindo o plano de carreira, est\u00e1 em andamento o Curso de Habilita\u00e7\u00e3o de Sargentos \u2013 CHS, destinado a capacitar nosso n\u00edvel de ger\u00eancia operacional. O Curso de Forma\u00e7\u00e3o de Soldados \u2013 CFSd, tamb\u00e9m em andamento, visa formar novos policiais militares dentro de uma doutrina profissional de media\u00e7\u00e3o de conflito e garantia de direitos dos cidad\u00e3os.<br \/>\nAl\u00e9m destes cursos regulares, a PMES possui uma previs\u00e3o de cursos de capacita\u00e7\u00e3o em seu calend\u00e1rio anual, bem como est\u00e1 enviando policiais militares para participarem de cursos em outras corpora\u00e7\u00f5es.<br \/>\nA meta \u00e9 avan\u00e7ar cada vez mais, iniciando estudos para oferecer cursos a dist\u00e2ncia, o que parece ser perfeitamente vi\u00e1vel aos interesses da Corpora\u00e7\u00e3o, garantindo a forma\u00e7\u00e3o e qualifica\u00e7\u00e3o permanente baseada na constante atualiza\u00e7\u00e3o tecnol\u00f3gica e profissional, abrangendo o espa\u00e7o geogr\u00e1fico do Estado do Esp\u00edrito Santo, dentro do tempo dispon\u00edvel de estudo e de forma a reduzir custos sem perder em qualidade.<\/p>\n<p><a href=\"https:\/\/www.bibliotecadeseguranca.com.br\/wp-content\/uploads\/2024\/01\/revista-prelecao-ano-i-n-04.pdf\" target=\"_blank\" rel=\"noopener\"><img loading=\"lazy\" decoding=\"async\" class=\"alignleft wp-image-11251 size-full\" src=\"https:\/\/www.bibliotecadeseguranca.com.br\/en\/wp-content\/uploads\/2014\/08\/download.gif\" alt=\"Download\" width=\"89\" height=\"25\" \/><\/a><\/p>\n","protected":false},"excerpt":{"rendered":"<p>Pol\u00edcia Militar do Estado do Esp\u00edrito Santo Overview: Data de 1835 a cria\u00e7\u00e3o da Pol\u00edcia Militar do Esp\u00edrito Santo &#8211; PMES. Segundo pesquisas, a atividade de ensino foi estruturada na Corpora\u00e7\u00e3o no ano de 1924, quando da cria\u00e7\u00e3o da Companhia Escola, instalada no Quartel do Moscoso &#8211; antiga sede da For\u00e7a P\u00fablica. Com base nesta data, no m\u00eas de agosto de 2008, comemora-se os 84 anos do ensino policial militar,&hellip; <\/p>\n","protected":false},"author":3,"featured_media":19544,"comment_status":"open","ping_status":"closed","sticky":false,"template":"","format":"standard","meta":{"footnotes":""},"categories":[127,71],"tags":[],"class_list":["post-19543","post","type-post","status-publish","format-standard","has-post-thumbnail","hentry","category-revista-prelecao","category-periodicos-de-seguranca"],"views":192,"_links":{"self":[{"href":"https:\/\/www.bibliotecadeseguranca.com.br\/en\/wp-json\/wp\/v2\/posts\/19543","targetHints":{"allow":["GET"]}}],"collection":[{"href":"https:\/\/www.bibliotecadeseguranca.com.br\/en\/wp-json\/wp\/v2\/posts"}],"about":[{"href":"https:\/\/www.bibliotecadeseguranca.com.br\/en\/wp-json\/wp\/v2\/types\/post"}],"author":[{"embeddable":true,"href":"https:\/\/www.bibliotecadeseguranca.com.br\/en\/wp-json\/wp\/v2\/users\/3"}],"replies":[{"embeddable":true,"href":"https:\/\/www.bibliotecadeseguranca.com.br\/en\/wp-json\/wp\/v2\/comments?post=19543"}],"version-history":[{"count":1,"href":"https:\/\/www.bibliotecadeseguranca.com.br\/en\/wp-json\/wp\/v2\/posts\/19543\/revisions"}],"predecessor-version":[{"id":19545,"href":"https:\/\/www.bibliotecadeseguranca.com.br\/en\/wp-json\/wp\/v2\/posts\/19543\/revisions\/19545"}],"wp:featuredmedia":[{"embeddable":true,"href":"https:\/\/www.bibliotecadeseguranca.com.br\/en\/wp-json\/wp\/v2\/media\/19544"}],"wp:attachment":[{"href":"https:\/\/www.bibliotecadeseguranca.com.br\/en\/wp-json\/wp\/v2\/media?parent=19543"}],"wp:term":[{"taxonomy":"category","embeddable":true,"href":"https:\/\/www.bibliotecadeseguranca.com.br\/en\/wp-json\/wp\/v2\/categories?post=19543"},{"taxonomy":"post_tag","embeddable":true,"href":"https:\/\/www.bibliotecadeseguranca.com.br\/en\/wp-json\/wp\/v2\/tags?post=19543"}],"curies":[{"name":"wp","href":"https:\/\/api.w.org\/{rel}","templated":true}]}}