{"id":19322,"date":"2023-10-09T14:00:25","date_gmt":"2023-10-09T17:00:25","guid":{"rendered":"https:\/\/www.bibliotecadeseguranca.com.br\/en\/?p=19322"},"modified":"2023-10-09T13:51:56","modified_gmt":"2023-10-09T16:51:56","slug":"revista-fenavist-ano-xix-n-44-agosto-setembro-2023","status":"publish","type":"post","link":"https:\/\/www.bibliotecadeseguranca.com.br\/en\/periodicos-de-seguranca\/revista-fenavist-ano-xix-n-44-agosto-setembro-2023\/","title":{"rendered":"Revista Fenavist &#8211; Ano XIX &#8211; N 44 &#8211; Agosto\/Setembro 2023"},"content":{"rendered":"<p><span style=\"color: #003366;\"><strong><img loading=\"lazy\" decoding=\"async\" class=\"alignleft size-full wp-image-19323\" src=\"https:\/\/www.bibliotecadeseguranca.com.br\/en\/wp-content\/uploads\/2023\/10\/revista-fenavist-ano-xix-n-44-agosto-setembro-2023.jpg\" alt=\"Revista Fenavist - Ano XIX - N 44 - Agosto\/Setembro 2023\" width=\"145\" height=\"195\" srcset=\"https:\/\/www.bibliotecadeseguranca.com.br\/en\/wp-content\/uploads\/2023\/10\/revista-fenavist-ano-xix-n-44-agosto-setembro-2023.jpg 145w, https:\/\/www.bibliotecadeseguranca.com.br\/en\/wp-content\/uploads\/2023\/10\/revista-fenavist-ano-xix-n-44-agosto-setembro-2023-112x150.jpg 112w\" sizes=\"auto, (max-width: 145px) 100vw, 145px\" \/>Overview:<\/strong><\/span> Contra tudo e contra todos, vamos sobrevivendo<\/p>\n<p>Mais uma vez estamos diante de uma situa\u00e7\u00e3o que tem se repetido ao longo dos \u00faltimos anos: a seguran\u00e7a privada voltou a perder postos de trabalho. Quase 11 mil vagas foram fechadas nos \u00faltimos 12 meses, segundo o Anu\u00e1rio Brasileiro da Seguran\u00e7a P\u00fablica. De 2017 para c\u00e1, 100 mil vigilantes perderam seus empregos.<br \/>\nEsses n\u00fameros s\u00e3o muito mais do que estat\u00edsticas. \u00c9 mais um trabalhador que perdeu seu emprego e a condi\u00e7\u00e3o de sustentar sua fam\u00edlia.<br \/>\nComo empres\u00e1rio, posso assegurar, ningu\u00e9m fica feliz em demitir. Ainda mais quando h\u00e1 um caminho poss\u00edvel para mudar essa situa\u00e7\u00e3o, o Estatuto da Seguran\u00e7a Privada, que se encontra parado diante de n\u00f3s, por interesses de terceiros, por press\u00e3o de outros segmentos, por burocracia, por falta de vontade pol\u00edtica, ou mesmo por desconhecimento do que est\u00e1 acontecendo no setor da seguran\u00e7a privada.<br \/>\nAntes, \u00e9ramos um setor da economia que contratava e crescia a cada ano, hoje somos um segmento que perde para a clandestinidade e para a informalidade. O que se v\u00ea s\u00e3o grandes empresas, como supermercados, ind\u00fastrias, condom\u00ednios, escolas, eventos e outros contratando pessoas despreparadas para uma fun\u00e7\u00e3o t\u00e3o importante como a de proteger vidas e patrim\u00f4nios, sem o rigor da lei e sem o controle por parte da Pol\u00edcia Federal.<br \/>\nSem uma nova legisla\u00e7\u00e3o, mais eficiente e mais rigorosa no combate \u00e0 clandestinidade, que tenha o poder de punir e criminalizar a seguran\u00e7a ilegal, os mais de 100 mil postos de trabalhos formais na \u00e1rea de vigil\u00e2ncia perdidos nos \u00faltimos anos dificilmente ser\u00e3o recuperados.<br \/>\nO caminho est\u00e1 claro e depende exclusivamente do Senado Federal, onde a nova lei que vai regulamentar o setor da seguran\u00e7a privada espera sua aprova\u00e7\u00e3o.<br \/>\nO Estatuto da Seguran\u00e7a Privada, j\u00e1 aprovado pela C\u00e2mara, depende de uma \u00faltima vota\u00e7\u00e3o pelo Senado Federal e se arrasta naquela Casa h\u00e1 seis anos, sem que se tenha uma solu\u00e7\u00e3o por parte dos senadores.<br \/>\nUma nova lei vai atualizar o regramento estabelecido h\u00e1 40 anos como a Lei n\u00ba 7.102\/1983 e em vigor at\u00e9 hoje. Essa lei \u00e9 de suma import\u00e2ncia para tra\u00e7ar os novos rumos da seguran\u00e7a privada no Brasil. Al\u00e9m disso, todos os estudos apontam para a gera\u00e7\u00e3o imediata de novos empregos na \u00e1rea, como \u00e9 o caso da seguran\u00e7a eletr\u00f4nica devidamente legalizada.<br \/>\nOutra preocupa\u00e7\u00e3o, que causar\u00e1 grande impacto no nosso segmento, vem com a Reforma Tribut\u00e1ria, recentemente aprovada na C\u00e2mara dos Deputados. N\u00e3o somente o setor da seguran\u00e7a mas tamb\u00e9m outros setores de servi\u00e7os, os que mais empregam, ser\u00e3o fortemente apenados com aumento de impostos na substitui\u00e7\u00e3o do PIS e da COFINS pelo IVA, na ordem de 25%. Com exce\u00e7\u00e3o de alguns setores, todas as demais atividades com preval\u00eancia de m\u00e3o de obra estar\u00e3o fadadas a aumento de carga tribut\u00e1ria.<br \/>\nN\u00e3o podemos nos resignar, precisamos continuar a lutar e a resistir, mostrando a import\u00e2ncia do setor de servi\u00e7os na nossa economia. Os \u00faltimos dados apontam um crescimento do PIB brasileiro em fun\u00e7\u00e3o do bom desempenho do setor de servi\u00e7os, da ordem de 0,6%. O setor de servi\u00e7os, sozinho, equivale a 70% do PIB brasileiro, e seu desempenho tem o maior peso no resultado total de crescimento apontado no \u00faltimo trimestre. Isso demonstra que o setor n\u00e3o pode ser desprezado. Dele depende a gera\u00e7\u00e3o de emprego e renda.<br \/>\nContinuaremos juntos a lutar, a resistir, a defender nosso setor. Imbu\u00eddos desse esp\u00edrito, em 2024 estaremos celebrando mais uma edi\u00e7\u00e3o do Pr\u00eamio M\u00e9rito e Benem\u00e9rito da Seguran\u00e7a Privada Nacional. E, como diz o lema desta edi\u00e7\u00e3o: \u201cos sobreviventes merecem esta homenagem\u201d.<\/p>\n<p>Nossa atividade \u00e9 digna ser respeitada.<\/p>\n<p>Um forte abra\u00e7o!<\/p>\n<p>Jeferson Naz\u00e1rio<br \/>\nPresidente da Fenavist<\/p>\n<p><a href=\"https:\/\/www.bibliotecadeseguranca.com.br\/wp-content\/uploads\/2023\/10\/revista-fenavist-ano-xix-n-44-agosto-setembro-2023.pdf\" target=\"_blank\" rel=\"noopener\"><img loading=\"lazy\" decoding=\"async\" class=\"alignleft wp-image-11251 size-full\" src=\"https:\/\/www.bibliotecadeseguranca.com.br\/en\/wp-content\/uploads\/2014\/08\/download.gif\" alt=\"Download\" width=\"89\" height=\"25\" \/><\/a><\/p>\n","protected":false},"excerpt":{"rendered":"<p>Overview: Contra tudo e contra todos, vamos sobrevivendo Mais uma vez estamos diante de uma situa\u00e7\u00e3o que tem se repetido ao longo dos \u00faltimos anos: a seguran\u00e7a privada voltou a perder postos de trabalho. Quase 11 mil vagas foram fechadas nos \u00faltimos 12 meses, segundo o Anu\u00e1rio Brasileiro da Seguran\u00e7a P\u00fablica. De 2017 para c\u00e1, 100 mil vigilantes perderam seus empregos. Esses n\u00fameros s\u00e3o muito mais do que estat\u00edsticas. \u00c9&hellip; <\/p>\n","protected":false},"author":3,"featured_media":19323,"comment_status":"open","ping_status":"closed","sticky":false,"template":"","format":"standard","meta":{"footnotes":""},"categories":[112,123,71],"tags":[],"class_list":["post-19322","post","type-post","status-publish","format-standard","has-post-thumbnail","hentry","category-download","category-revista-fenavist","category-periodicos-de-seguranca"],"views":310,"_links":{"self":[{"href":"https:\/\/www.bibliotecadeseguranca.com.br\/en\/wp-json\/wp\/v2\/posts\/19322","targetHints":{"allow":["GET"]}}],"collection":[{"href":"https:\/\/www.bibliotecadeseguranca.com.br\/en\/wp-json\/wp\/v2\/posts"}],"about":[{"href":"https:\/\/www.bibliotecadeseguranca.com.br\/en\/wp-json\/wp\/v2\/types\/post"}],"author":[{"embeddable":true,"href":"https:\/\/www.bibliotecadeseguranca.com.br\/en\/wp-json\/wp\/v2\/users\/3"}],"replies":[{"embeddable":true,"href":"https:\/\/www.bibliotecadeseguranca.com.br\/en\/wp-json\/wp\/v2\/comments?post=19322"}],"version-history":[{"count":1,"href":"https:\/\/www.bibliotecadeseguranca.com.br\/en\/wp-json\/wp\/v2\/posts\/19322\/revisions"}],"predecessor-version":[{"id":19324,"href":"https:\/\/www.bibliotecadeseguranca.com.br\/en\/wp-json\/wp\/v2\/posts\/19322\/revisions\/19324"}],"wp:featuredmedia":[{"embeddable":true,"href":"https:\/\/www.bibliotecadeseguranca.com.br\/en\/wp-json\/wp\/v2\/media\/19323"}],"wp:attachment":[{"href":"https:\/\/www.bibliotecadeseguranca.com.br\/en\/wp-json\/wp\/v2\/media?parent=19322"}],"wp:term":[{"taxonomy":"category","embeddable":true,"href":"https:\/\/www.bibliotecadeseguranca.com.br\/en\/wp-json\/wp\/v2\/categories?post=19322"},{"taxonomy":"post_tag","embeddable":true,"href":"https:\/\/www.bibliotecadeseguranca.com.br\/en\/wp-json\/wp\/v2\/tags?post=19322"}],"curies":[{"name":"wp","href":"https:\/\/api.w.org\/{rel}","templated":true}]}}