{"id":19261,"date":"2023-09-12T14:00:29","date_gmt":"2023-09-12T17:00:29","guid":{"rendered":"https:\/\/www.bibliotecadeseguranca.com.br\/en\/?p=19261"},"modified":"2023-09-12T12:53:40","modified_gmt":"2023-09-12T15:53:40","slug":"revista-seguridad-no47-julio-de-2023","status":"publish","type":"post","link":"https:\/\/www.bibliotecadeseguranca.com.br\/en\/periodicos-de-seguranca\/revista-seguridad-no47-julio-de-2023\/","title":{"rendered":"Revista Seguridad \u2013 N\u00ba47 Julio de 2023"},"content":{"rendered":"<p><span style=\"color: #003366;\"><strong><img loading=\"lazy\" decoding=\"async\" class=\"alignleft size-full wp-image-19262\" src=\"https:\/\/www.bibliotecadeseguranca.com.br\/en\/wp-content\/uploads\/2023\/09\/revista-seguridad-no47-julio-de-2023.jpg\" alt=\"Revista Seguridad \u2013 N\u00ba47 Julio de 2023\" width=\"145\" height=\"187\" srcset=\"https:\/\/www.bibliotecadeseguranca.com.br\/en\/wp-content\/uploads\/2023\/09\/revista-seguridad-no47-julio-de-2023.jpg 145w, https:\/\/www.bibliotecadeseguranca.com.br\/en\/wp-content\/uploads\/2023\/09\/revista-seguridad-no47-julio-de-2023-116x150.jpg 116w\" sizes=\"auto, (max-width: 145px) 100vw, 145px\" \/>Overview:<\/strong><\/span> Gesti\u00f3n de desastres, las lecciones del temporal Las dram\u00e1ticas escenas que hemos presenciado de ciudades virtualmente inundadas deben llevarnos a plantearnos una profunda reingenier\u00eda en la manera en que tradicionalmente hemos enfocado los desastres naturales. Se trata de cambios efectivos los cuales no pasan solo por cambiar el nombre a una instituci\u00f3n sino por un enfoque basado en la capacidad de procesar oportunamente el flujo de informaci\u00f3n que tanto, la ciencia como la tecnolog\u00eda ponen hoy a nuestra disposici\u00f3n.<br \/>\nNo resulta admisible seguir insistiendo en la b\u00fasqueda de explicaciones basadas en referencias hist\u00f3ricas, olvidando la evidencia de que nuestro planeta afronta cambios clim\u00e1ticos sin precedentes, lo anterior equivale a conducir a alta velocidad por una carretera mirando solo por el espejo retrovisor.<br \/>\nSituaciones tan dram\u00e1ticas c\u00f3mo la acontecidas en Santa Cruz ,el colapso de varios puentes o la segunda inundaci\u00f3n en menos de 30 d\u00edas de la ciudad de Licant\u00e9n, deben llevarnos a establecer las verdaderas causas de este desastre, implementando normativas que m\u00e1s all\u00e1 del \u00e1mbito propio de la gesti\u00f3n de desastres, establezcan las responsabilidades personales o institucionales que han propiciado este tipo de situaciones cuyas consecuencias dif\u00edcilmente pueden ser atribuidas exclusivamente a un \u201cdesastre de la naturaleza\u201d.<\/p>\n<p><a href=\"https:\/\/www.bibliotecadeseguranca.com.br\/wp-content\/uploads\/2023\/09\/revista-seguridad-no47-julio-de-2023.pdf\" target=\"_blank\" rel=\"noopener\"><img loading=\"lazy\" decoding=\"async\" class=\"alignleft wp-image-11251 size-full\" src=\"https:\/\/www.bibliotecadeseguranca.com.br\/en\/wp-content\/uploads\/2014\/08\/download.gif\" alt=\"Download\" width=\"89\" height=\"25\" \/><\/a><\/p>\n","protected":false},"excerpt":{"rendered":"<p>Overview: Gesti\u00f3n de desastres, las lecciones del temporal Las dram\u00e1ticas escenas que hemos presenciado de ciudades virtualmente inundadas deben llevarnos a plantearnos una profunda reingenier\u00eda en la manera en que tradicionalmente hemos enfocado los desastres naturales. Se trata de cambios efectivos los cuales no pasan solo por cambiar el nombre a una instituci\u00f3n sino por un enfoque basado en la capacidad de procesar oportunamente el flujo de informaci\u00f3n que tanto,&hellip; <\/p>\n","protected":false},"author":3,"featured_media":19262,"comment_status":"open","ping_status":"closed","sticky":false,"template":"","format":"standard","meta":{"footnotes":""},"categories":[128,71],"tags":[],"class_list":["post-19261","post","type-post","status-publish","format-standard","has-post-thumbnail","hentry","category-revista-seguridad","category-periodicos-de-seguranca"],"views":521,"_links":{"self":[{"href":"https:\/\/www.bibliotecadeseguranca.com.br\/en\/wp-json\/wp\/v2\/posts\/19261","targetHints":{"allow":["GET"]}}],"collection":[{"href":"https:\/\/www.bibliotecadeseguranca.com.br\/en\/wp-json\/wp\/v2\/posts"}],"about":[{"href":"https:\/\/www.bibliotecadeseguranca.com.br\/en\/wp-json\/wp\/v2\/types\/post"}],"author":[{"embeddable":true,"href":"https:\/\/www.bibliotecadeseguranca.com.br\/en\/wp-json\/wp\/v2\/users\/3"}],"replies":[{"embeddable":true,"href":"https:\/\/www.bibliotecadeseguranca.com.br\/en\/wp-json\/wp\/v2\/comments?post=19261"}],"version-history":[{"count":1,"href":"https:\/\/www.bibliotecadeseguranca.com.br\/en\/wp-json\/wp\/v2\/posts\/19261\/revisions"}],"predecessor-version":[{"id":19263,"href":"https:\/\/www.bibliotecadeseguranca.com.br\/en\/wp-json\/wp\/v2\/posts\/19261\/revisions\/19263"}],"wp:featuredmedia":[{"embeddable":true,"href":"https:\/\/www.bibliotecadeseguranca.com.br\/en\/wp-json\/wp\/v2\/media\/19262"}],"wp:attachment":[{"href":"https:\/\/www.bibliotecadeseguranca.com.br\/en\/wp-json\/wp\/v2\/media?parent=19261"}],"wp:term":[{"taxonomy":"category","embeddable":true,"href":"https:\/\/www.bibliotecadeseguranca.com.br\/en\/wp-json\/wp\/v2\/categories?post=19261"},{"taxonomy":"post_tag","embeddable":true,"href":"https:\/\/www.bibliotecadeseguranca.com.br\/en\/wp-json\/wp\/v2\/tags?post=19261"}],"curies":[{"name":"wp","href":"https:\/\/api.w.org\/{rel}","templated":true}]}}