{"id":19258,"date":"2023-09-11T14:00:31","date_gmt":"2023-09-11T17:00:31","guid":{"rendered":"https:\/\/www.bibliotecadeseguranca.com.br\/en\/?p=19258"},"modified":"2023-09-11T12:40:28","modified_gmt":"2023-09-11T15:40:28","slug":"guia-de-gestao-de-riscos-da-fiocruz","status":"publish","type":"post","link":"https:\/\/www.bibliotecadeseguranca.com.br\/en\/livros\/guia-de-gestao-de-riscos-da-fiocruz\/","title":{"rendered":"Guia de Gest\u00e3o de Riscos da Fiocruz"},"content":{"rendered":"<p><span style=\"color: #003366;\"><strong><img loading=\"lazy\" decoding=\"async\" class=\"alignleft size-full wp-image-19259\" src=\"https:\/\/www.bibliotecadeseguranca.com.br\/en\/wp-content\/uploads\/2023\/09\/guia-de-gestao-de-riscos-da-fiocruz.jpg\" alt=\"Guia de Gest\u00e3o de Riscos da Fiocruz\" width=\"145\" height=\"205\" srcset=\"https:\/\/www.bibliotecadeseguranca.com.br\/en\/wp-content\/uploads\/2023\/09\/guia-de-gestao-de-riscos-da-fiocruz.jpg 145w, https:\/\/www.bibliotecadeseguranca.com.br\/en\/wp-content\/uploads\/2023\/09\/guia-de-gestao-de-riscos-da-fiocruz-106x150.jpg 106w\" sizes=\"auto, (max-width: 145px) 100vw, 145px\" \/>Mario dos Santos Moreira, Juliano de Carvalho Lima, Simone A. Borges Oliveira<\/strong><\/span><\/p>\n<p><span style=\"color: #003366;\"><strong>Funda\u00e7\u00e3o Oswaldo Cruz<\/strong><\/span><\/p>\n<p><span style=\"color: #003366;\"><strong>Overview:<\/strong><\/span> Todo gestor p\u00fablico, independentemente de seu n\u00edvel de atua\u00e7\u00e3o, deve ter como compromisso a aplica\u00e7\u00e3o dos recursos p\u00fablicos a partir dos objetivos estrat\u00e9gicos e prioridades estabelecidas pela Alta Administra\u00e7\u00e3o para gerar resultados que criem valor para a sociedade. Estes resultados, tamb\u00e9m devem ser comunicados para os diversos p\u00fablicos com base em informa\u00e7\u00f5es integras e de forma transparente.<br \/>\nEntretanto, constitui um desafio definir o quanto de risco uma institui\u00e7\u00e3o p\u00fablica que atua no campo complexo da ci\u00eancia, tecnologia e inova\u00e7\u00e3o em sa\u00fade, como \u00e9 o caso da Fiocruz, deve aceitar no processo de tomada de decis\u00e3o, visando o melhor desempenho na presta\u00e7\u00e3o de servi\u00e7os p\u00fablicos \u00e0 sociedade.<br \/>\nNaturalmente, estas institui\u00e7\u00f5es est\u00e3o mais expostas a riscos complexos e din\u00e2micos, dada as caracter\u00edsticas intr\u00ednsecas dos processos de inova\u00e7\u00e3o e produ\u00e7\u00e3o de conhecimento em sa\u00fade frente as necessidades ( muitas vezes urgentes) de sa\u00fade da popula\u00e7\u00e3o em um pa\u00eds em desenvolvimento, com sistema universal, grande desigualdade social e educacional, e de dimens\u00e3o continental como o Brasil. E s\u00e3o in\u00fameras as disfun\u00e7\u00f5es burocr\u00e1ticas do aparato estatal executivo atual vis-\u00e0-vis a esta din\u00e2mica da inova\u00e7\u00e3o em sa\u00fade. Superar este desafio, n\u00e3o se d\u00e1 sem o alinhamento aos princ\u00edpios de Governan\u00e7a P\u00fablica, essenciais a sustentabilidade das institui\u00e7\u00f5es p\u00fablicas. Mas, principalmente n\u00e3o se dar\u00e1, sem a moderniza\u00e7\u00e3o do aparato estatal e prioriza\u00e7\u00e3o do fortalecimento das capacidades estatais para gest\u00e3o das pol\u00edticas p\u00fablicas de interesse social, semelhante ao investimento realizado pelo Estado para o desenvolvimento de capacidades estatais para o controle.<\/p>\n<p><a href=\"https:\/\/www.bibliotecadeseguranca.com.br\/wp-content\/uploads\/2023\/09\/guia-de-gestao-de-riscos-da-fiocruz.pdf\" target=\"_blank\" rel=\"noopener\"><img loading=\"lazy\" decoding=\"async\" class=\"alignleft wp-image-11251 size-full\" src=\"https:\/\/www.bibliotecadeseguranca.com.br\/en\/wp-content\/uploads\/2014\/08\/download.gif\" alt=\"Download\" width=\"89\" height=\"25\" \/><\/a><\/p>\n","protected":false},"excerpt":{"rendered":"<p>Mario dos Santos Moreira, Juliano de Carvalho Lima, Simone A. Borges Oliveira Funda\u00e7\u00e3o Oswaldo Cruz Overview: Todo gestor p\u00fablico, independentemente de seu n\u00edvel de atua\u00e7\u00e3o, deve ter como compromisso a aplica\u00e7\u00e3o dos recursos p\u00fablicos a partir dos objetivos estrat\u00e9gicos e prioridades estabelecidas pela Alta Administra\u00e7\u00e3o para gerar resultados que criem valor para a sociedade. Estes resultados, tamb\u00e9m devem ser comunicados para os diversos p\u00fablicos com base em informa\u00e7\u00f5es integras e&hellip; <\/p>\n","protected":false},"author":3,"featured_media":19259,"comment_status":"open","ping_status":"closed","sticky":false,"template":"","format":"standard","meta":{"footnotes":""},"categories":[6,112,19],"tags":[],"class_list":["post-19258","post","type-post","status-publish","format-standard","has-post-thumbnail","hentry","category-livros","category-download","category-risco-e-perdas"],"views":274,"_links":{"self":[{"href":"https:\/\/www.bibliotecadeseguranca.com.br\/en\/wp-json\/wp\/v2\/posts\/19258","targetHints":{"allow":["GET"]}}],"collection":[{"href":"https:\/\/www.bibliotecadeseguranca.com.br\/en\/wp-json\/wp\/v2\/posts"}],"about":[{"href":"https:\/\/www.bibliotecadeseguranca.com.br\/en\/wp-json\/wp\/v2\/types\/post"}],"author":[{"embeddable":true,"href":"https:\/\/www.bibliotecadeseguranca.com.br\/en\/wp-json\/wp\/v2\/users\/3"}],"replies":[{"embeddable":true,"href":"https:\/\/www.bibliotecadeseguranca.com.br\/en\/wp-json\/wp\/v2\/comments?post=19258"}],"version-history":[{"count":1,"href":"https:\/\/www.bibliotecadeseguranca.com.br\/en\/wp-json\/wp\/v2\/posts\/19258\/revisions"}],"predecessor-version":[{"id":19260,"href":"https:\/\/www.bibliotecadeseguranca.com.br\/en\/wp-json\/wp\/v2\/posts\/19258\/revisions\/19260"}],"wp:featuredmedia":[{"embeddable":true,"href":"https:\/\/www.bibliotecadeseguranca.com.br\/en\/wp-json\/wp\/v2\/media\/19259"}],"wp:attachment":[{"href":"https:\/\/www.bibliotecadeseguranca.com.br\/en\/wp-json\/wp\/v2\/media?parent=19258"}],"wp:term":[{"taxonomy":"category","embeddable":true,"href":"https:\/\/www.bibliotecadeseguranca.com.br\/en\/wp-json\/wp\/v2\/categories?post=19258"},{"taxonomy":"post_tag","embeddable":true,"href":"https:\/\/www.bibliotecadeseguranca.com.br\/en\/wp-json\/wp\/v2\/tags?post=19258"}],"curies":[{"name":"wp","href":"https:\/\/api.w.org\/{rel}","templated":true}]}}