{"id":19249,"date":"2023-09-07T14:00:03","date_gmt":"2023-09-07T17:00:03","guid":{"rendered":"https:\/\/www.bibliotecadeseguranca.com.br\/en\/?p=19249"},"modified":"2023-09-07T12:15:33","modified_gmt":"2023-09-07T15:15:33","slug":"la-gestion-del-riesgo-operacional-de-la-teoria-a-su-aplicacion","status":"publish","type":"post","link":"https:\/\/www.bibliotecadeseguranca.com.br\/en\/livros\/la-gestion-del-riesgo-operacional-de-la-teoria-a-su-aplicacion\/","title":{"rendered":"La Gesti\u00f3n del Riesgo Operacional: De la Teor\u00eda a su Aplicaci\u00f3n"},"content":{"rendered":"<p><span style=\"color: #003366;\"><strong><img loading=\"lazy\" decoding=\"async\" class=\"alignleft size-full wp-image-19250\" src=\"https:\/\/www.bibliotecadeseguranca.com.br\/en\/wp-content\/uploads\/2023\/09\/la-gestion-del-riesgo-operacional-de-la-teoria-a-su-aplicacion.jpg\" alt=\"La Gesti\u00f3n del Riesgo Operacional: De la Teor\u00eda a su Aplicaci\u00f3n\" width=\"145\" height=\"205\" srcset=\"https:\/\/www.bibliotecadeseguranca.com.br\/en\/wp-content\/uploads\/2023\/09\/la-gestion-del-riesgo-operacional-de-la-teoria-a-su-aplicacion.jpg 145w, https:\/\/www.bibliotecadeseguranca.com.br\/en\/wp-content\/uploads\/2023\/09\/la-gestion-del-riesgo-operacional-de-la-teoria-a-su-aplicacion-106x150.jpg 106w\" sizes=\"auto, (max-width: 145px) 100vw, 145px\" \/>Ana Fern\u00e1ndez-Laviada<\/strong><\/span><\/p>\n<p><span style=\"color: #003366;\"><strong>Publisher Universidad de Cantabria<\/strong><\/span><\/p>\n<p><span style=\"color: #003366;\"><strong>Overview:<\/strong><\/span> Expone, en forma progresiva, los aspectos fundamentales para afrontar una adecuada gesti\u00f3n del riesgo operacional, recogiendo la experiencia de profesionales del sector financiero, pioneros y expertos en este \u00e1rea a la que se une la visi\u00f3n de acad\u00e9micos y otros agentes vinculados a la misma que desarrollan sus actividades en el \u00e1mbito de la consultor\u00eda, auditor\u00eda o supervisi\u00f3n-regulaci\u00f3n. Su oportunidad, por la reciente entrada en vigor de Basilea II, y la novedad de abordar un tema sobre el que no hab\u00eda bibliograf\u00eda en castellano, le dotan de la m\u00e1xima relevancia e inter\u00e9s.<\/p>\n","protected":false},"excerpt":{"rendered":"<p>Ana Fern\u00e1ndez-Laviada Publisher Universidad de Cantabria Overview: Expone, en forma progresiva, los aspectos fundamentales para afrontar una adecuada gesti\u00f3n del riesgo operacional, recogiendo la experiencia de profesionales del sector financiero, pioneros y expertos en este \u00e1rea a la que se une la visi\u00f3n de acad\u00e9micos y otros agentes vinculados a la misma que desarrollan sus actividades en el \u00e1mbito de la consultor\u00eda, auditor\u00eda o supervisi\u00f3n-regulaci\u00f3n. Su oportunidad, por la reciente&hellip; <\/p>\n","protected":false},"author":3,"featured_media":19250,"comment_status":"open","ping_status":"closed","sticky":false,"template":"","format":"standard","meta":{"footnotes":""},"categories":[6,81,19],"tags":[],"class_list":["post-19249","post","type-post","status-publish","format-standard","has-post-thumbnail","hentry","category-livros","category-espanol","category-risco-e-perdas"],"views":262,"_links":{"self":[{"href":"https:\/\/www.bibliotecadeseguranca.com.br\/en\/wp-json\/wp\/v2\/posts\/19249","targetHints":{"allow":["GET"]}}],"collection":[{"href":"https:\/\/www.bibliotecadeseguranca.com.br\/en\/wp-json\/wp\/v2\/posts"}],"about":[{"href":"https:\/\/www.bibliotecadeseguranca.com.br\/en\/wp-json\/wp\/v2\/types\/post"}],"author":[{"embeddable":true,"href":"https:\/\/www.bibliotecadeseguranca.com.br\/en\/wp-json\/wp\/v2\/users\/3"}],"replies":[{"embeddable":true,"href":"https:\/\/www.bibliotecadeseguranca.com.br\/en\/wp-json\/wp\/v2\/comments?post=19249"}],"version-history":[{"count":1,"href":"https:\/\/www.bibliotecadeseguranca.com.br\/en\/wp-json\/wp\/v2\/posts\/19249\/revisions"}],"predecessor-version":[{"id":19251,"href":"https:\/\/www.bibliotecadeseguranca.com.br\/en\/wp-json\/wp\/v2\/posts\/19249\/revisions\/19251"}],"wp:featuredmedia":[{"embeddable":true,"href":"https:\/\/www.bibliotecadeseguranca.com.br\/en\/wp-json\/wp\/v2\/media\/19250"}],"wp:attachment":[{"href":"https:\/\/www.bibliotecadeseguranca.com.br\/en\/wp-json\/wp\/v2\/media?parent=19249"}],"wp:term":[{"taxonomy":"category","embeddable":true,"href":"https:\/\/www.bibliotecadeseguranca.com.br\/en\/wp-json\/wp\/v2\/categories?post=19249"},{"taxonomy":"post_tag","embeddable":true,"href":"https:\/\/www.bibliotecadeseguranca.com.br\/en\/wp-json\/wp\/v2\/tags?post=19249"}],"curies":[{"name":"wp","href":"https:\/\/api.w.org\/{rel}","templated":true}]}}