{"id":18686,"date":"2023-01-02T14:00:02","date_gmt":"2023-01-02T17:00:02","guid":{"rendered":"https:\/\/www.bibliotecadeseguranca.com.br\/en\/?p=18686"},"modified":"2023-02-27T13:44:11","modified_gmt":"2023-02-27T16:44:11","slug":"revista-prelecao-ano-i-n-01","status":"publish","type":"post","link":"https:\/\/www.bibliotecadeseguranca.com.br\/en\/periodicos-de-seguranca\/revista-prelecao-ano-i-n-01\/","title":{"rendered":"Revista Prele\u00e7\u00e3o &#8211; Ano I \u2013 N\u00b0 01"},"content":{"rendered":"<p><span style=\"color: #003366;\"><strong><img loading=\"lazy\" decoding=\"async\" class=\"alignleft size-full wp-image-18687\" src=\"https:\/\/www.bibliotecadeseguranca.com.br\/en\/wp-content\/uploads\/2023\/01\/revista-prelecao-ano-i-n-01.jpg\" alt=\"Revista Prele\u00e7\u00e2o - Ano I \u2013 N\u00b0 01\" width=\"145\" height=\"204\" srcset=\"https:\/\/www.bibliotecadeseguranca.com.br\/en\/wp-content\/uploads\/2023\/01\/revista-prelecao-ano-i-n-01.jpg 145w, https:\/\/www.bibliotecadeseguranca.com.br\/en\/wp-content\/uploads\/2023\/01\/revista-prelecao-ano-i-n-01-107x150.jpg 107w\" sizes=\"auto, (max-width: 145px) 100vw, 145px\" \/>Pol\u00edcia Militar do Estado do Esp\u00edrito Santo<\/strong><\/span><\/p>\n<p><span style=\"color: #003366;\"><strong>Overview:<\/strong><\/span> \u00c9 com imenso orgulho e satisfa\u00e7\u00e3o que publicamos a edi\u00e7\u00e3o n\u00b0 1 da Revista Prele\u00e7\u00e3o, comemorativa ao 172\u00b0 anivers\u00e1rio da Pol\u00edcia Militar do Esado do Es\u00edrito Santo (PMES).<br \/>\nEsta ser\u00e1 a publica\u00e7\u00e3o institucional para o fomento dos estudos e pesquisa de assuntos na \u00e1rea de seguran\u00e7a p\u00fablica, especificamente em rela\u00e7\u00e3o \u00e0s quest\u00f5es relevantes sobre a atua\u00e7\u00e3o da Pol\u00edcia Militar neste contexto, bem como a participa\u00e7\u00e3o dos outros \u00f3rg\u00e3os integrantes do sistema de seguran\u00e7a e da sociedade.<br \/>\nA Revista Prele\u00e7\u00e3o tem como objetivo prec\u00edpuo a divulga\u00e7\u00e3o e o incentivo \u00e0 pesquisa em nossa Corpora\u00e7\u00e3o, focando assuntos ligados \u00e0 area de seguran\u00e7a p\u00fablica, subsidiando os estudiosos com informa\u00e7\u00f5es, conhecimentos e experi\u00eancias de cunho cient\u00edfico, visando a constante atualiza\u00e7\u00e3o tecnol\u00f3gica e profissional.<br \/>\nVisa tamb\u00e9m contribuir com publica\u00e7\u00f5es que cercam o tema e que trazem diverg\u00eancias entre doutrinadores, comandantes, gerentes da Pol\u00edcia Militar e ainda os aplicadores do direito, para que estes possam com maior propriedade, formar opini\u00e3o sobre os assuntos relacionados \u00e0 seguran\u00e7a p\u00fablica e ainda, possibilitar um posicionamento de modo mais coerente nos casos concretos e em processos a que est\u00e3o inseridos.<br \/>\nA id\u00e9ia da Revista surgiu diante da inexist\u00eancia de um ve\u00edculo de comunica\u00e7\u00e3o institucional na PMES, al\u00e9m da pouca explora\u00e7\u00e3o sobre os temas e de suas implica\u00e7\u00f5es para a atividade de seguran\u00e7a p\u00fablica, onde a necessidade de direcionamento \u00e9 evidente, j\u00e1 que o administrador deve agir no estrito cumprimento da lei, sob pena de ferir o interesse p\u00fablico ou mesmo o particular.<br \/>\nA \u201cREVISTA PRELE\u00c7\u00c3O\u201d, idealizada pela Maj PM Sonia do Carmo Grob\u00e9rio, tem como justificativa do nome o pr\u00f3prio significado da palavra \u201cprele\u00e7\u00e3o\u201d que segundo o dicion\u00e1rio Aur\u00e9lio quer dizer \u201cli\u00e7\u00e3o, explana\u00e7\u00e3o pr\u00e9via\u201d e ainda por estar presente no cotidiano do policial, seja recebendo ou ministrando a prele\u00e7\u00e3o ao entrar de servi\u00e7o. Al\u00e9m disso, a palavra est\u00e1 no sentido de conhecer cientificamente sobre seguran\u00e7a p\u00fablica para a efetiva\u00e7\u00e3o da pr\u00e1tica policial.<\/p>\n<p><a href=\"https:\/\/www.bibliotecadeseguranca.com.br\/wp-content\/uploads\/2023\/01\/revista-prelecao-ano-i-n-01.pdf\" target=\"_blank\" rel=\"noopener\"><img loading=\"lazy\" decoding=\"async\" class=\"alignleft wp-image-11251 size-full\" src=\"https:\/\/www.bibliotecadeseguranca.com.br\/en\/wp-content\/uploads\/2014\/08\/download.gif\" alt=\"Download\" width=\"89\" height=\"25\" \/><\/a><\/p>\n","protected":false},"excerpt":{"rendered":"<p>Pol\u00edcia Militar do Estado do Esp\u00edrito Santo Overview: \u00c9 com imenso orgulho e satisfa\u00e7\u00e3o que publicamos a edi\u00e7\u00e3o n\u00b0 1 da Revista Prele\u00e7\u00e3o, comemorativa ao 172\u00b0 anivers\u00e1rio da Pol\u00edcia Militar do Esado do Es\u00edrito Santo (PMES). Esta ser\u00e1 a publica\u00e7\u00e3o institucional para o fomento dos estudos e pesquisa de assuntos na \u00e1rea de seguran\u00e7a p\u00fablica, especificamente em rela\u00e7\u00e3o \u00e0s quest\u00f5es relevantes sobre a atua\u00e7\u00e3o da Pol\u00edcia Militar neste contexto, bem&hellip; <\/p>\n","protected":false},"author":3,"featured_media":18687,"comment_status":"open","ping_status":"closed","sticky":false,"template":"","format":"standard","meta":{"footnotes":""},"categories":[127,71],"tags":[],"class_list":["post-18686","post","type-post","status-publish","format-standard","has-post-thumbnail","hentry","category-revista-prelecao","category-periodicos-de-seguranca"],"views":436,"_links":{"self":[{"href":"https:\/\/www.bibliotecadeseguranca.com.br\/en\/wp-json\/wp\/v2\/posts\/18686","targetHints":{"allow":["GET"]}}],"collection":[{"href":"https:\/\/www.bibliotecadeseguranca.com.br\/en\/wp-json\/wp\/v2\/posts"}],"about":[{"href":"https:\/\/www.bibliotecadeseguranca.com.br\/en\/wp-json\/wp\/v2\/types\/post"}],"author":[{"embeddable":true,"href":"https:\/\/www.bibliotecadeseguranca.com.br\/en\/wp-json\/wp\/v2\/users\/3"}],"replies":[{"embeddable":true,"href":"https:\/\/www.bibliotecadeseguranca.com.br\/en\/wp-json\/wp\/v2\/comments?post=18686"}],"version-history":[{"count":2,"href":"https:\/\/www.bibliotecadeseguranca.com.br\/en\/wp-json\/wp\/v2\/posts\/18686\/revisions"}],"predecessor-version":[{"id":18808,"href":"https:\/\/www.bibliotecadeseguranca.com.br\/en\/wp-json\/wp\/v2\/posts\/18686\/revisions\/18808"}],"wp:featuredmedia":[{"embeddable":true,"href":"https:\/\/www.bibliotecadeseguranca.com.br\/en\/wp-json\/wp\/v2\/media\/18687"}],"wp:attachment":[{"href":"https:\/\/www.bibliotecadeseguranca.com.br\/en\/wp-json\/wp\/v2\/media?parent=18686"}],"wp:term":[{"taxonomy":"category","embeddable":true,"href":"https:\/\/www.bibliotecadeseguranca.com.br\/en\/wp-json\/wp\/v2\/categories?post=18686"},{"taxonomy":"post_tag","embeddable":true,"href":"https:\/\/www.bibliotecadeseguranca.com.br\/en\/wp-json\/wp\/v2\/tags?post=18686"}],"curies":[{"name":"wp","href":"https:\/\/api.w.org\/{rel}","templated":true}]}}