{"id":18466,"date":"2022-09-23T14:00:34","date_gmt":"2022-09-23T17:00:34","guid":{"rendered":"https:\/\/www.bibliotecadeseguranca.com.br\/en\/?p=18466"},"modified":"2022-09-23T12:44:38","modified_gmt":"2022-09-23T15:44:38","slug":"police-de-jour-police-de-nuit-temoignages-et-reflexions-dun-flic-de-terrain","status":"publish","type":"post","link":"https:\/\/www.bibliotecadeseguranca.com.br\/en\/livros\/police-de-jour-police-de-nuit-temoignages-et-reflexions-dun-flic-de-terrain\/","title":{"rendered":"Police de jour, police de nuit &#8211; T\u00e9moignages et r\u00e9flexions d&#8217;un flic de terrain"},"content":{"rendered":"<p><span style=\"color: #003366;\"><strong><img loading=\"lazy\" decoding=\"async\" class=\"alignleft size-full wp-image-18467\" src=\"https:\/\/www.bibliotecadeseguranca.com.br\/en\/wp-content\/uploads\/2022\/09\/police-de-jour-police-de-nuit-temoignages-et-reflexions-dun-flic-de-terrain.jpg\" alt=\"Police de jour, police de nuit - T\u00e9moignages et r\u00e9flexions d'un flic de terrain\" width=\"145\" height=\"216\" srcset=\"https:\/\/www.bibliotecadeseguranca.com.br\/en\/wp-content\/uploads\/2022\/09\/police-de-jour-police-de-nuit-temoignages-et-reflexions-dun-flic-de-terrain.jpg 145w, https:\/\/www.bibliotecadeseguranca.com.br\/en\/wp-content\/uploads\/2022\/09\/police-de-jour-police-de-nuit-temoignages-et-reflexions-dun-flic-de-terrain-101x150.jpg 101w\" sizes=\"auto, (max-width: 145px) 100vw, 145px\" \/>Thierry Toutin<\/strong><\/span><\/p>\n<p><span style=\"color: #003366;\"><strong>Publisher MA \u00e9ditions<\/strong><\/span><\/p>\n<p><span style=\"color: #003366;\"><strong>Overview:<\/strong><\/span> La r\u00e9daction d&#8217;un livre par un policier est une chose encore trop rare pour ne point \u00eatre soulign\u00e9e. On ne peut que se r\u00e9jouir d&#8217;un tel ouvrage qui honore l&#8217;institution polici\u00e8re de mani\u00e8re remarquable. L&#8217;auteur, d\u00e9peint sous le prisme de la criminologie et de la psychiatrie l\u00e9gale, les diverses facettes de la violence qu&#8217;il a rencontr\u00e9e au cours de sa carri\u00e8re et dans ses recherches exploratoires :<\/p>\n<ul>\n<li>violences urbaines;<\/li>\n<li>violences conjugales;<\/li>\n<li>maltraitance sur mineurs;<\/li>\n<li>violences contre les forces de l&#8217;ordre, lettres anonymes;<\/li>\n<li>\u00e9conomie souterraine;<\/li>\n<li>profilage criminel;<\/li>\n<li>d\u00e9rives radicales.<\/li>\n<\/ul>\n<p>La clart\u00e9 et la lucidit\u00e9 des t\u00e9moignages, ainsi que les r\u00e9flexions de cet ancien officier de police judiciaire, \u00e0 partir de plus d&#8217;une soixantaine de situations sont utiles non seulement pour ceux qui participent \u00e0 l&#8217;\u00e9tude du ph\u00e9nom\u00e8ne criminel, mais encore pour ceux qui agissent pour le maintien de l&#8217;\u00c9tat de droit, dont on sait la fragilit\u00e9 dans le monde contemporain. Cet ouvrage offre un regard surprenant et salutaire sur les situations p\u00e9rilleuses ou insolites auxquelles sont confront\u00e9s les policiers.<\/p>\n","protected":false},"excerpt":{"rendered":"<p>Thierry Toutin Publisher MA \u00e9ditions Overview: La r\u00e9daction d&#8217;un livre par un policier est une chose encore trop rare pour ne point \u00eatre soulign\u00e9e. On ne peut que se r\u00e9jouir d&#8217;un tel ouvrage qui honore l&#8217;institution polici\u00e8re de mani\u00e8re remarquable. L&#8217;auteur, d\u00e9peint sous le prisme de la criminologie et de la psychiatrie l\u00e9gale, les diverses facettes de la violence qu&#8217;il a rencontr\u00e9e au cours de sa carri\u00e8re et dans ses&hellip; <\/p>\n","protected":false},"author":3,"featured_media":18467,"comment_status":"open","ping_status":"closed","sticky":false,"template":"","format":"standard","meta":{"footnotes":""},"categories":[6,10,109,25],"tags":[],"class_list":["post-18466","post","type-post","status-publish","format-standard","has-post-thumbnail","hentry","category-livros","category-crime-violencia-e-criminologia","category-francais","category-seguranca-publica-e-defesa"],"views":444,"_links":{"self":[{"href":"https:\/\/www.bibliotecadeseguranca.com.br\/en\/wp-json\/wp\/v2\/posts\/18466","targetHints":{"allow":["GET"]}}],"collection":[{"href":"https:\/\/www.bibliotecadeseguranca.com.br\/en\/wp-json\/wp\/v2\/posts"}],"about":[{"href":"https:\/\/www.bibliotecadeseguranca.com.br\/en\/wp-json\/wp\/v2\/types\/post"}],"author":[{"embeddable":true,"href":"https:\/\/www.bibliotecadeseguranca.com.br\/en\/wp-json\/wp\/v2\/users\/3"}],"replies":[{"embeddable":true,"href":"https:\/\/www.bibliotecadeseguranca.com.br\/en\/wp-json\/wp\/v2\/comments?post=18466"}],"version-history":[{"count":1,"href":"https:\/\/www.bibliotecadeseguranca.com.br\/en\/wp-json\/wp\/v2\/posts\/18466\/revisions"}],"predecessor-version":[{"id":18468,"href":"https:\/\/www.bibliotecadeseguranca.com.br\/en\/wp-json\/wp\/v2\/posts\/18466\/revisions\/18468"}],"wp:featuredmedia":[{"embeddable":true,"href":"https:\/\/www.bibliotecadeseguranca.com.br\/en\/wp-json\/wp\/v2\/media\/18467"}],"wp:attachment":[{"href":"https:\/\/www.bibliotecadeseguranca.com.br\/en\/wp-json\/wp\/v2\/media?parent=18466"}],"wp:term":[{"taxonomy":"category","embeddable":true,"href":"https:\/\/www.bibliotecadeseguranca.com.br\/en\/wp-json\/wp\/v2\/categories?post=18466"},{"taxonomy":"post_tag","embeddable":true,"href":"https:\/\/www.bibliotecadeseguranca.com.br\/en\/wp-json\/wp\/v2\/tags?post=18466"}],"curies":[{"name":"wp","href":"https:\/\/api.w.org\/{rel}","templated":true}]}}