{"id":18339,"date":"2022-07-29T14:00:04","date_gmt":"2022-07-29T17:00:04","guid":{"rendered":"https:\/\/www.bibliotecadeseguranca.com.br\/en\/?p=18339"},"modified":"2022-07-29T13:32:26","modified_gmt":"2022-07-29T16:32:26","slug":"gestion-gerencial-y-empresarial-aplicadas-al-siglo-xxi","status":"publish","type":"post","link":"https:\/\/www.bibliotecadeseguranca.com.br\/en\/livros\/gestion-gerencial-y-empresarial-aplicadas-al-siglo-xxi\/","title":{"rendered":"Gesti\u00f3n Gerencial y Empresarial Aplicadas al Siglo XXI"},"content":{"rendered":"<p><span style=\"color: #003366;\"><strong><img loading=\"lazy\" decoding=\"async\" class=\"alignleft size-full wp-image-18340\" src=\"https:\/\/www.bibliotecadeseguranca.com.br\/en\/wp-content\/uploads\/2022\/07\/gestion-gerencial-y-empresarial-aplicadas-al-siglo-xxi.jpg\" alt=\"Gesti\u00f3n Gerencial y Empresarial Aplicadas al Siglo XXI\" width=\"145\" height=\"205\" srcset=\"https:\/\/www.bibliotecadeseguranca.com.br\/en\/wp-content\/uploads\/2022\/07\/gestion-gerencial-y-empresarial-aplicadas-al-siglo-xxi.jpg 145w, https:\/\/www.bibliotecadeseguranca.com.br\/en\/wp-content\/uploads\/2022\/07\/gestion-gerencial-y-empresarial-aplicadas-al-siglo-xxi-106x150.jpg 106w\" sizes=\"auto, (max-width: 145px) 100vw, 145px\" \/>\u00c9dgar Van den Berghe<\/strong><\/span><\/p>\n<p><span style=\"color: #003366;\"><strong>Publisher ECOE<\/strong><\/span><\/p>\n<p><span style=\"color: #003366;\"><strong>Overview:<\/strong><\/span> Los tratados de libre comercio y la globalizaci\u00f3n han obligado a los gerentes a cambiar su mentalidad e incluir en su desarrollo a la gesti\u00f3n empresarial, lo que implica no solo pensar en el contexto macroecon\u00f3mico y de mega gerencia, sino tambi\u00e9n en motivar e involucrar activamente al capital humano en la innovaci\u00f3n y proyecci\u00f3n para crear empresas m\u00e1s competitivas en el mercado internacional. El futuro es hoy y el pa\u00eds necesita gerentes innovadores para liderar el cambio.Gesti\u00f3n gerencial y empresarial aplicadas al siglo XXI es un texto para el estudiante y para el empresario interesados en dotarse de una visi\u00f3n internacional para su compa\u00f1\u00eda. El autor, con una vasta experiencia como empresario, asesor y docente universitario, presenta de una manera clara y sencilla los principales indicadores macro econ\u00f3micos y su relaci\u00f3n con el sector empresarial, los conceptos novedosos de la gerencia del siglo XXI, as\u00ed como la operaci\u00f3n y las funciones de las diferentes \u00e1reas de la empresa. Cada cap\u00edtulo contiene entrevistas realizadas por el autor a empresarios y gerentes innovadores de diferentes pa\u00edses sobre su gesti\u00f3n gerencial y empresarial.El libro est\u00e1 dirigido a estudiantes de Administraci\u00f3n de Empresas, Econom\u00eda, Gerencia, Comercio Internacional y especializaciones en carreras afines, y es \u00fatil como texto de consulta para gerentes y directivos con mentalidad de l\u00edder que buscan ampliar los horizontes de su empresa y darles una proyecci\u00f3n internacional.<\/p>\n","protected":false},"excerpt":{"rendered":"<p>\u00c9dgar Van den Berghe Publisher ECOE Overview: Los tratados de libre comercio y la globalizaci\u00f3n han obligado a los gerentes a cambiar su mentalidad e incluir en su desarrollo a la gesti\u00f3n empresarial, lo que implica no solo pensar en el contexto macroecon\u00f3mico y de mega gerencia, sino tambi\u00e9n en motivar e involucrar activamente al capital humano en la innovaci\u00f3n y proyecci\u00f3n para crear empresas m\u00e1s competitivas en el mercado&hellip; <\/p>\n","protected":false},"author":3,"featured_media":18340,"comment_status":"open","ping_status":"closed","sticky":false,"template":"","format":"standard","meta":{"footnotes":""},"categories":[14,6,81],"tags":[],"class_list":["post-18339","post","type-post","status-publish","format-standard","has-post-thumbnail","hentry","category-administracao-e-estrategia-empresarial","category-livros","category-espanol"],"views":451,"_links":{"self":[{"href":"https:\/\/www.bibliotecadeseguranca.com.br\/en\/wp-json\/wp\/v2\/posts\/18339","targetHints":{"allow":["GET"]}}],"collection":[{"href":"https:\/\/www.bibliotecadeseguranca.com.br\/en\/wp-json\/wp\/v2\/posts"}],"about":[{"href":"https:\/\/www.bibliotecadeseguranca.com.br\/en\/wp-json\/wp\/v2\/types\/post"}],"author":[{"embeddable":true,"href":"https:\/\/www.bibliotecadeseguranca.com.br\/en\/wp-json\/wp\/v2\/users\/3"}],"replies":[{"embeddable":true,"href":"https:\/\/www.bibliotecadeseguranca.com.br\/en\/wp-json\/wp\/v2\/comments?post=18339"}],"version-history":[{"count":1,"href":"https:\/\/www.bibliotecadeseguranca.com.br\/en\/wp-json\/wp\/v2\/posts\/18339\/revisions"}],"predecessor-version":[{"id":18341,"href":"https:\/\/www.bibliotecadeseguranca.com.br\/en\/wp-json\/wp\/v2\/posts\/18339\/revisions\/18341"}],"wp:featuredmedia":[{"embeddable":true,"href":"https:\/\/www.bibliotecadeseguranca.com.br\/en\/wp-json\/wp\/v2\/media\/18340"}],"wp:attachment":[{"href":"https:\/\/www.bibliotecadeseguranca.com.br\/en\/wp-json\/wp\/v2\/media?parent=18339"}],"wp:term":[{"taxonomy":"category","embeddable":true,"href":"https:\/\/www.bibliotecadeseguranca.com.br\/en\/wp-json\/wp\/v2\/categories?post=18339"},{"taxonomy":"post_tag","embeddable":true,"href":"https:\/\/www.bibliotecadeseguranca.com.br\/en\/wp-json\/wp\/v2\/tags?post=18339"}],"curies":[{"name":"wp","href":"https:\/\/api.w.org\/{rel}","templated":true}]}}