{"id":18033,"date":"2022-03-21T14:00:20","date_gmt":"2022-03-21T17:00:20","guid":{"rendered":"https:\/\/www.bibliotecadeseguranca.com.br\/en\/?p=18033"},"modified":"2022-03-21T12:59:04","modified_gmt":"2022-03-21T15:59:04","slug":"seguranca-publica-apos-1988-historia-de-uma-construcao-inacabada","status":"publish","type":"post","link":"https:\/\/www.bibliotecadeseguranca.com.br\/en\/livros\/seguranca-publica-apos-1988-historia-de-uma-construcao-inacabada\/","title":{"rendered":"Seguran\u00e7a P\u00fablica ap\u00f3s 1988: Hist\u00f3ria de uma Constru\u00e7\u00e3o Inacabada"},"content":{"rendered":"<p><span style=\"color: #003366;\"><strong><img loading=\"lazy\" decoding=\"async\" class=\"alignleft size-full wp-image-18034\" src=\"https:\/\/www.bibliotecadeseguranca.com.br\/en\/wp-content\/uploads\/2022\/03\/seguranca-publica-apos-1988-historia-de-uma-construcao-inacabada.jpg\" alt=\"Seguran\u00e7a P\u00fablica ap\u00f3s 1988: Hist\u00f3ria de uma Constru\u00e7\u00e3o Inacabada\" width=\"145\" height=\"205\" srcset=\"https:\/\/www.bibliotecadeseguranca.com.br\/en\/wp-content\/uploads\/2022\/03\/seguranca-publica-apos-1988-historia-de-uma-construcao-inacabada.jpg 145w, https:\/\/www.bibliotecadeseguranca.com.br\/en\/wp-content\/uploads\/2022\/03\/seguranca-publica-apos-1988-historia-de-uma-construcao-inacabada-106x150.jpg 106w\" sizes=\"auto, (max-width: 145px) 100vw, 145px\" \/>Marco Aur\u00e9lio Ruediger, Renato Sergio de Lima<\/strong><\/span><\/p>\n<p><span style=\"color: #003366;\"><strong>Publisher FGV<\/strong><\/span><\/p>\n<p><span style=\"color: #003366;\"><strong>Overview:<\/strong><\/span> Em que pese a implementa\u00e7\u00e3o de diferentes programas e pol\u00edticas de seguran\u00e7a p\u00fablica no Brasil, ainda permanecemos assombrados pela viol\u00eancia urbana e pela criminalidade violenta. Este livro aborda essas quest\u00f5es com o objetivo de mapear e analisar: a organiza\u00e7\u00e3o da seguran\u00e7a p\u00fablica; as diferentes iniciativas de combate ao crime &#8211; legisla\u00e7\u00e3o, pol\u00edticas p\u00fablicas e programas -; a forma\u00e7\u00e3o e a consolida\u00e7\u00e3o de organiza\u00e7\u00f5es criminosas no territ\u00f3rio brasileiro; e o debate p\u00fablico nas redes sociais acerca do tema da seguran\u00e7a no pa\u00eds. A perspectiva utilizada aqui tenta compreender como esses problemas ainda est\u00e3o conectados aos processos de abertura e de redemocratiza\u00e7\u00e3o pelos quais o pa\u00eds passou, tendo como marco a Constitui\u00e7\u00e3o Federal de 1988.<\/p>\n","protected":false},"excerpt":{"rendered":"<p>Marco Aur\u00e9lio Ruediger, Renato Sergio de Lima Publisher FGV Overview: Em que pese a implementa\u00e7\u00e3o de diferentes programas e pol\u00edticas de seguran\u00e7a p\u00fablica no Brasil, ainda permanecemos assombrados pela viol\u00eancia urbana e pela criminalidade violenta. Este livro aborda essas quest\u00f5es com o objetivo de mapear e analisar: a organiza\u00e7\u00e3o da seguran\u00e7a p\u00fablica; as diferentes iniciativas de combate ao crime &#8211; legisla\u00e7\u00e3o, pol\u00edticas p\u00fablicas e programas -; a forma\u00e7\u00e3o e a&hellip; <\/p>\n","protected":false},"author":3,"featured_media":18034,"comment_status":"open","ping_status":"closed","sticky":false,"template":"","format":"standard","meta":{"footnotes":""},"categories":[6,25],"tags":[],"class_list":["post-18033","post","type-post","status-publish","format-standard","has-post-thumbnail","hentry","category-livros","category-seguranca-publica-e-defesa"],"views":589,"_links":{"self":[{"href":"https:\/\/www.bibliotecadeseguranca.com.br\/en\/wp-json\/wp\/v2\/posts\/18033","targetHints":{"allow":["GET"]}}],"collection":[{"href":"https:\/\/www.bibliotecadeseguranca.com.br\/en\/wp-json\/wp\/v2\/posts"}],"about":[{"href":"https:\/\/www.bibliotecadeseguranca.com.br\/en\/wp-json\/wp\/v2\/types\/post"}],"author":[{"embeddable":true,"href":"https:\/\/www.bibliotecadeseguranca.com.br\/en\/wp-json\/wp\/v2\/users\/3"}],"replies":[{"embeddable":true,"href":"https:\/\/www.bibliotecadeseguranca.com.br\/en\/wp-json\/wp\/v2\/comments?post=18033"}],"version-history":[{"count":1,"href":"https:\/\/www.bibliotecadeseguranca.com.br\/en\/wp-json\/wp\/v2\/posts\/18033\/revisions"}],"predecessor-version":[{"id":18035,"href":"https:\/\/www.bibliotecadeseguranca.com.br\/en\/wp-json\/wp\/v2\/posts\/18033\/revisions\/18035"}],"wp:featuredmedia":[{"embeddable":true,"href":"https:\/\/www.bibliotecadeseguranca.com.br\/en\/wp-json\/wp\/v2\/media\/18034"}],"wp:attachment":[{"href":"https:\/\/www.bibliotecadeseguranca.com.br\/en\/wp-json\/wp\/v2\/media?parent=18033"}],"wp:term":[{"taxonomy":"category","embeddable":true,"href":"https:\/\/www.bibliotecadeseguranca.com.br\/en\/wp-json\/wp\/v2\/categories?post=18033"},{"taxonomy":"post_tag","embeddable":true,"href":"https:\/\/www.bibliotecadeseguranca.com.br\/en\/wp-json\/wp\/v2\/tags?post=18033"}],"curies":[{"name":"wp","href":"https:\/\/api.w.org\/{rel}","templated":true}]}}