{"id":18027,"date":"2022-03-18T14:00:00","date_gmt":"2022-03-18T17:00:00","guid":{"rendered":"https:\/\/www.bibliotecadeseguranca.com.br\/en\/?p=18027"},"modified":"2022-03-18T13:33:11","modified_gmt":"2022-03-18T16:33:11","slug":"revista-fenavist-ano-xviii-n-34-abril-2020","status":"publish","type":"post","link":"https:\/\/www.bibliotecadeseguranca.com.br\/en\/periodicos-de-seguranca\/revista-fenavist-ano-xviii-n-34-abril-2020\/","title":{"rendered":"Revista Fenavist \u2013 Ano XVIII \u2013 N 34 \u2013 Abril 2020"},"content":{"rendered":"<p><span style=\"color: #003366;\"><strong><img loading=\"lazy\" decoding=\"async\" class=\"alignleft size-full wp-image-18028\" src=\"https:\/\/www.bibliotecadeseguranca.com.br\/en\/wp-content\/uploads\/2022\/03\/revista-fenavist-ano-xviii-n-34-abril-2020.jpg\" alt=\"Revista Fenavist \u2013 Ano XVIII \u2013 N 34 \u2013 Abril 2020\" width=\"145\" height=\"194\" srcset=\"https:\/\/www.bibliotecadeseguranca.com.br\/en\/wp-content\/uploads\/2022\/03\/revista-fenavist-ano-xviii-n-34-abril-2020.jpg 145w, https:\/\/www.bibliotecadeseguranca.com.br\/en\/wp-content\/uploads\/2022\/03\/revista-fenavist-ano-xviii-n-34-abril-2020-112x150.jpg 112w\" sizes=\"auto, (max-width: 145px) 100vw, 145px\" \/>Overview:<\/strong><\/span> SOMOS ESSENCIAIS<\/p>\n<p>Passamos, talvez, pelo momento mais dif\u00edcil que a nossa gera\u00e7\u00e3o enfrentou. Pela frente, n\u00e3o temos o desafio apenas de uma crise econ\u00f4mica, como em 2008. Tampouco o problema afeta apenas um pequeno grupo de pa\u00edses, como ocorreu com o 11 de setembro de 2001. Desta vez temos um combo: sa\u00fade e economia. Para piorar, a doen\u00e7a ainda oferece poucas informa\u00e7\u00f5es. Logo, as decis\u00f5es est\u00e3o sendo tomadas \u201c\u00e0s cegas\u201d. Saber o que \u00e9 certo ou errado \u00e9, praticamente, imposs\u00edvel.<br \/>\nA seguran\u00e7a privada n\u00e3o \u00e9 uma exce\u00e7\u00e3o. Empresas e trabalhadores enfrentam todas as consequ\u00eancia da pandemia do Covid-19. Ainda n\u00e3o \u00e9 poss\u00edvel quantificar a extens\u00e3o do impacto, as perdas. Da mesma forma, n\u00e3o se pode prever o que nos espera quando a tempestade passar. A sociedade estar\u00e1 mudada. As rela\u00e7\u00f5es interpessoais tamb\u00e9m. Muitas dessas mudan\u00e7as, assim como essa nova sociedade que vai surgir, devem influenciar diretamente o nosso segmento.<br \/>\nVou me dar o \u201cprivil\u00e9gio\u201d de fazer um exerc\u00edcio de futurologia. Se tivesse que apostar em um caminho para a nossa atividade, depositaria as minha fichas na integra\u00e7\u00e3o. Com as limita\u00e7\u00f5es de contato f\u00edsico que poder\u00e3o perdurar por mais algum tempo, integrar tecnologia ao servi\u00e7o do vigilante ser\u00e1 fundamental. Precisamos pensar em solu\u00e7\u00f5es, por exemplo, para controle de acesso a grandes eventos, como a forma para revistar. No dia a dia dos bancos, como iremos proceder?<br \/>\nDe fato e de concreto, o que temos, por\u00e9m, no momento \u00e9 o presente. E foi precisamente neste cen\u00e1rio dif\u00edcil, como o que enfrentamos agora, que fomos reconhecidos. Ao incluir a seguran\u00e7a privada no primeiro decreto que estabeleceu quais eram as atividades essenciais, o governo explicitou a import\u00e2ncia do nosso segmento como pe\u00e7a fundamental na garantia da seguran\u00e7a dos brasileiros, ao ser considerado complementar ao da seguran\u00e7a p\u00fablica.<br \/>\nNossa import\u00e2ncia fica ainda mais evidente pelo fato de sermos os garantidores do funcionamento de outros servi\u00e7os essenciais, como no caso dos bancos. S\u00e3o as empresas de transporte de valores que garantem o abastecimento dos caixas eletr\u00f4nicos. A escolta armada assegura que produtos imprescind\u00edveis sejam entregues a farm\u00e1cias e supermercados.<br \/>\nDiante desse cen\u00e1rio, a Federa\u00e7\u00e3o Nacional das Empresas de Seguran\u00e7a e Transporte de Valores (Fenavist) tem atuado perante o governo e os \u00f3rg\u00e3os reguladores e fiscalizadores. A Entidade trabalha por a\u00e7\u00f5es para o segmento capazes de assegurar os empregos e a pr\u00f3pria sobreviv\u00eancia das empresas.<br \/>\nLonge de pleitearmos exce\u00e7\u00f5es, o que buscamos s\u00e3o condi\u00e7\u00f5es de continuar exercendo nosso servi\u00e7o da melhor maneira poss\u00edvel, at\u00e9 porque, os pr\u00f3prios \u00f3rg\u00e3os de seguran\u00e7a p\u00fablica preveem que, al\u00e9m das ondas provocadas pelo colapso na sa\u00fade e na economia, pode se ter uma terceira etapa, o aumento dos casos de viol\u00eancia. Por isso, eles j\u00e1 nos deixaram de sobreaviso, pois contam com nosso apoio.<\/p>\n<p>Vamos ficar firmes. Isso tudo vai passar.<\/p>\n<p>Jeferson Naz\u00e1rio<br \/>\nPresidente da Fenavist<\/p>\n<p><a href=\"https:\/\/www.bibliotecadeseguranca.com.br\/wp-content\/uploads\/2022\/03\/revista-fenavist-ano-xviii-n-34-abril-2020.pdf\" target=\"_blank\" rel=\"noopener\"><img loading=\"lazy\" decoding=\"async\" class=\"alignleft wp-image-11251 size-full\" src=\"https:\/\/www.bibliotecadeseguranca.com.br\/en\/wp-content\/uploads\/2014\/08\/download.gif\" alt=\"Download\" width=\"89\" height=\"25\" \/><\/a><\/p>\n","protected":false},"excerpt":{"rendered":"<p>Overview: SOMOS ESSENCIAIS Passamos, talvez, pelo momento mais dif\u00edcil que a nossa gera\u00e7\u00e3o enfrentou. Pela frente, n\u00e3o temos o desafio apenas de uma crise econ\u00f4mica, como em 2008. Tampouco o problema afeta apenas um pequeno grupo de pa\u00edses, como ocorreu com o 11 de setembro de 2001. Desta vez temos um combo: sa\u00fade e economia. Para piorar, a doen\u00e7a ainda oferece poucas informa\u00e7\u00f5es. Logo, as decis\u00f5es est\u00e3o sendo tomadas \u201c\u00e0s&hellip; <\/p>\n","protected":false},"author":3,"featured_media":18028,"comment_status":"open","ping_status":"closed","sticky":false,"template":"","format":"standard","meta":{"footnotes":""},"categories":[123,71],"tags":[],"class_list":["post-18027","post","type-post","status-publish","format-standard","has-post-thumbnail","hentry","category-revista-fenavist","category-periodicos-de-seguranca"],"views":333,"_links":{"self":[{"href":"https:\/\/www.bibliotecadeseguranca.com.br\/en\/wp-json\/wp\/v2\/posts\/18027","targetHints":{"allow":["GET"]}}],"collection":[{"href":"https:\/\/www.bibliotecadeseguranca.com.br\/en\/wp-json\/wp\/v2\/posts"}],"about":[{"href":"https:\/\/www.bibliotecadeseguranca.com.br\/en\/wp-json\/wp\/v2\/types\/post"}],"author":[{"embeddable":true,"href":"https:\/\/www.bibliotecadeseguranca.com.br\/en\/wp-json\/wp\/v2\/users\/3"}],"replies":[{"embeddable":true,"href":"https:\/\/www.bibliotecadeseguranca.com.br\/en\/wp-json\/wp\/v2\/comments?post=18027"}],"version-history":[{"count":1,"href":"https:\/\/www.bibliotecadeseguranca.com.br\/en\/wp-json\/wp\/v2\/posts\/18027\/revisions"}],"predecessor-version":[{"id":18029,"href":"https:\/\/www.bibliotecadeseguranca.com.br\/en\/wp-json\/wp\/v2\/posts\/18027\/revisions\/18029"}],"wp:featuredmedia":[{"embeddable":true,"href":"https:\/\/www.bibliotecadeseguranca.com.br\/en\/wp-json\/wp\/v2\/media\/18028"}],"wp:attachment":[{"href":"https:\/\/www.bibliotecadeseguranca.com.br\/en\/wp-json\/wp\/v2\/media?parent=18027"}],"wp:term":[{"taxonomy":"category","embeddable":true,"href":"https:\/\/www.bibliotecadeseguranca.com.br\/en\/wp-json\/wp\/v2\/categories?post=18027"},{"taxonomy":"post_tag","embeddable":true,"href":"https:\/\/www.bibliotecadeseguranca.com.br\/en\/wp-json\/wp\/v2\/tags?post=18027"}],"curies":[{"name":"wp","href":"https:\/\/api.w.org\/{rel}","templated":true}]}}