{"id":18023,"date":"2022-03-17T14:00:13","date_gmt":"2022-03-17T17:00:13","guid":{"rendered":"https:\/\/www.bibliotecadeseguranca.com.br\/en\/?p=18023"},"modified":"2022-03-17T13:08:04","modified_gmt":"2022-03-17T16:08:04","slug":"guia-tecnica-para-la-elaboracion-de-un-plan-de-autoproteccion","status":"publish","type":"post","link":"https:\/\/www.bibliotecadeseguranca.com.br\/en\/livros\/guia-tecnica-para-la-elaboracion-de-un-plan-de-autoproteccion\/","title":{"rendered":"Gu\u00eda T\u00e9cnica para la Elaboraci\u00f3n de un Plan de Autoprotecci\u00f3n"},"content":{"rendered":"<p><span style=\"color: #003366;\"><strong><img loading=\"lazy\" decoding=\"async\" class=\"alignleft size-full wp-image-18024\" src=\"https:\/\/www.bibliotecadeseguranca.com.br\/en\/wp-content\/uploads\/2022\/03\/guia-tecnica-para-la-elaboracion-de-un-plan-de-autoproteccion.jpg\" alt=\"Gu\u00eda T\u00e9cnica para la Elaboraci\u00f3n de un Plan de Autoprotecci\u00f3n\" width=\"145\" height=\"205\" srcset=\"https:\/\/www.bibliotecadeseguranca.com.br\/en\/wp-content\/uploads\/2022\/03\/guia-tecnica-para-la-elaboracion-de-un-plan-de-autoproteccion.jpg 145w, https:\/\/www.bibliotecadeseguranca.com.br\/en\/wp-content\/uploads\/2022\/03\/guia-tecnica-para-la-elaboracion-de-un-plan-de-autoproteccion-106x150.jpg 106w\" sizes=\"auto, (max-width: 145px) 100vw, 145px\" \/>Direcci\u00f3n General de Protecci\u00f3n Civil y Emergencias del Ministerio del Interior &#8211; Espa\u00f1a<\/strong><\/span><\/p>\n<p><span style=\"color: #003366;\"><strong>Overview:<\/strong><\/span> Con el devenir de los siglos ante desastres y las cat\u00e1strofes naturales, el concepto de autoprotecci\u00f3n ha ido ampliando su significado, desde el m\u00e1s sencillo, definido como \u201cprotecci\u00f3n propia o protecci\u00f3n por uno mismo\u201d, hasta la definici\u00f3n en la que se ten\u00eda en cuenta como protagonistas, no solo al propio individuo, sino tambi\u00e9n a sus cong\u00e9neres: \u201cprotecci\u00f3n de las personas y sus escasos bienes, frente a las diversas situaciones de riesgo\u201d.<br \/>\nCon la llegada de determinadas situaciones, surgi\u00f3 lo que consideramos como \u201cautoprotecci\u00f3n ciudadana\u201d, ya que una buena parte de la poblaci\u00f3n depende, al menos inicialmente, de sus propias fuerzas y debe adquirir conciencia sobre los riesgos que pueden sufrir y familiarizarse con las medidas de protecci\u00f3n que deben utilizar.<br \/>\nSimult\u00e1neamente, la continuada expansi\u00f3n de los procesos industriales y los novedosos avances cient\u00edficos, fueron dando paso a una serie de riesgos tecnol\u00f3gicos cada vez m\u00e1s espec\u00edficos y de mayor complejidad, que junto a los omnipresentes riesgos naturales y a determinados conflictos, incrementaron exponencialmente los peligros a los que quedaban expuestas estas sociedades, cada vez m\u00e1s avanzadas.<br \/>\nPara garantizar un adecuado nivel de seguridad a las instalaciones de producci\u00f3n, a las personas involucradas en sus procesos y a los ciudadanos amenazados por ellos, los poderes p\u00fablicos se han preocupado por incrementar el nivel de autoprotecci\u00f3n de los ciudadanos en general, frente a los riesgos derivados de todas sus actividades productivas y sociales dando lugar, a lo largo de los a\u00f1os, a la creaci\u00f3n de una organizaci\u00f3n de Protecci\u00f3n Civil.<br \/>\nPodemos concretar que la Protecci\u00f3n Civil es la gesti\u00f3n de los servicios de emergencias de un pa\u00eds, extendida a todos los niveles e involucrando a todas las partes. Seg\u00fan la Ley 2\/1985, de 21 de enero, sobre Protecci\u00f3n Civil, queda identificada doctrinalmente como \u201cprotecci\u00f3n f\u00edsica de las personas y de los bienes, en situaci\u00f3n de grave riesgo colectivo, calamidad p\u00fablica o cat\u00e1strofe extraordinaria, en la que la seguridad y la vida de las personas pueden peligrar y sucumbir masivamente\u201d. Hoy en d\u00eda, la protecci\u00f3n civil de un pa\u00eds viene a determinar el \u00edndice de calidad de vida y progreso del mismo.<\/p>\n<p><a href=\"https:\/\/www.bibliotecadeseguranca.com.br\/wp-content\/uploads\/2022\/03\/guia-tecnica-para-la-elaboracion-de-un-plan-de-autoproteccion.pdf\" target=\"_blank\" rel=\"noopener\"><img loading=\"lazy\" decoding=\"async\" class=\"alignleft wp-image-11251 size-full\" src=\"https:\/\/www.bibliotecadeseguranca.com.br\/en\/wp-content\/uploads\/2014\/08\/download.gif\" alt=\"Download\" width=\"89\" height=\"25\" \/><\/a><\/p>\n","protected":false},"excerpt":{"rendered":"<p>Direcci\u00f3n General de Protecci\u00f3n Civil y Emergencias del Ministerio del Interior &#8211; Espa\u00f1a Overview: Con el devenir de los siglos ante desastres y las cat\u00e1strofes naturales, el concepto de autoprotecci\u00f3n ha ido ampliando su significado, desde el m\u00e1s sencillo, definido como \u201cprotecci\u00f3n propia o protecci\u00f3n por uno mismo\u201d, hasta la definici\u00f3n en la que se ten\u00eda en cuenta como protagonistas, no solo al propio individuo, sino tambi\u00e9n a sus cong\u00e9neres:&hellip; <\/p>\n","protected":false},"author":3,"featured_media":18024,"comment_status":"open","ping_status":"closed","sticky":false,"template":"","format":"standard","meta":{"footnotes":""},"categories":[6,112,12,81],"tags":[],"class_list":["post-18023","post","type-post","status-publish","format-standard","has-post-thumbnail","hentry","category-livros","category-download","category-emergencia-e-contingencia","category-espanol"],"views":783,"_links":{"self":[{"href":"https:\/\/www.bibliotecadeseguranca.com.br\/en\/wp-json\/wp\/v2\/posts\/18023","targetHints":{"allow":["GET"]}}],"collection":[{"href":"https:\/\/www.bibliotecadeseguranca.com.br\/en\/wp-json\/wp\/v2\/posts"}],"about":[{"href":"https:\/\/www.bibliotecadeseguranca.com.br\/en\/wp-json\/wp\/v2\/types\/post"}],"author":[{"embeddable":true,"href":"https:\/\/www.bibliotecadeseguranca.com.br\/en\/wp-json\/wp\/v2\/users\/3"}],"replies":[{"embeddable":true,"href":"https:\/\/www.bibliotecadeseguranca.com.br\/en\/wp-json\/wp\/v2\/comments?post=18023"}],"version-history":[{"count":1,"href":"https:\/\/www.bibliotecadeseguranca.com.br\/en\/wp-json\/wp\/v2\/posts\/18023\/revisions"}],"predecessor-version":[{"id":18025,"href":"https:\/\/www.bibliotecadeseguranca.com.br\/en\/wp-json\/wp\/v2\/posts\/18023\/revisions\/18025"}],"wp:featuredmedia":[{"embeddable":true,"href":"https:\/\/www.bibliotecadeseguranca.com.br\/en\/wp-json\/wp\/v2\/media\/18024"}],"wp:attachment":[{"href":"https:\/\/www.bibliotecadeseguranca.com.br\/en\/wp-json\/wp\/v2\/media?parent=18023"}],"wp:term":[{"taxonomy":"category","embeddable":true,"href":"https:\/\/www.bibliotecadeseguranca.com.br\/en\/wp-json\/wp\/v2\/categories?post=18023"},{"taxonomy":"post_tag","embeddable":true,"href":"https:\/\/www.bibliotecadeseguranca.com.br\/en\/wp-json\/wp\/v2\/tags?post=18023"}],"curies":[{"name":"wp","href":"https:\/\/api.w.org\/{rel}","templated":true}]}}