{"id":17969,"date":"2022-02-21T14:00:48","date_gmt":"2022-02-21T17:00:48","guid":{"rendered":"https:\/\/www.bibliotecadeseguranca.com.br\/en\/?p=17969"},"modified":"2022-02-21T13:34:39","modified_gmt":"2022-02-21T16:34:39","slug":"estudos-em-seguranca-publica","status":"publish","type":"post","link":"https:\/\/www.bibliotecadeseguranca.com.br\/en\/livros\/estudos-em-seguranca-publica\/","title":{"rendered":"Estudos em Seguran\u00e7a P\u00fablica"},"content":{"rendered":"<p><span style=\"color: #003366;\"><strong><img loading=\"lazy\" decoding=\"async\" class=\"alignleft size-full wp-image-17970\" src=\"https:\/\/www.bibliotecadeseguranca.com.br\/en\/wp-content\/uploads\/2022\/02\/estudos-em-seguranca-publica.jpg\" alt=\"Estudos em Seguran\u00e7a P\u00fablica\" width=\"145\" height=\"205\" srcset=\"https:\/\/www.bibliotecadeseguranca.com.br\/en\/wp-content\/uploads\/2022\/02\/estudos-em-seguranca-publica.jpg 145w, https:\/\/www.bibliotecadeseguranca.com.br\/en\/wp-content\/uploads\/2022\/02\/estudos-em-seguranca-publica-106x150.jpg 106w\" sizes=\"auto, (max-width: 145px) 100vw, 145px\" \/>Humberto Ribeiro J\u00fanior, Marco Aur\u00e9lio Borges Costa<\/strong><\/span><\/p>\n<p><span style=\"color: #003366;\"><strong>Publisher CRV<\/strong><\/span><\/p>\n<p><span style=\"color: #003366;\"><strong>Overview:<\/strong><\/span> Pensar a \u00e1rea da Seguran\u00e7a P\u00fablica a partir de uma \u00fanica disciplina \u00e9 perder de vista a amplitude do fen\u00f4meno, sua complexidade, e reduzir as possibilidades de compreens\u00e3o \u00e0 limites muito discretos. A partir dessa percep\u00e7\u00e3o, o Programa de P\u00f3s-Gradua\u00e7\u00e3o em Seguran\u00e7a P\u00fablica da Universidade Vila Velha vem estimulando um olhar multidisciplinar sobre o tema, na expectativa de avan\u00e7ar em dire\u00e7\u00e3o a uma compreens\u00e3o interdisciplinar e transdisciplinar de fen\u00f4menos como viol\u00eancia urbana, criminalidade, dentre outros. Esse volume re\u00fane trabalhos que partem do entendimento que a Seguran\u00e7a P\u00fablica n\u00e3o se limita \u00e0 pol\u00edcias, f\u00f3runs e pris\u00f5es, mas, que, por outro lado, perpassa todos os segmentos da vida social moderna, desde a vida infantil \u00e0s macroestruturas econ\u00f4micas. A expectativa \u00e9 que a leitura contribua para uma vis\u00e3o ampliada dos fen\u00f4menos objeto das an\u00e1lises, para al\u00e9m de determinismos ou de relativismos, buscando sempre a compreens\u00e3o do sofrimento de pessoas reais na busca de sustenta pol\u00edticas p\u00fablicas que reduzam essas dores.<\/p>\n","protected":false},"excerpt":{"rendered":"<p>Humberto Ribeiro J\u00fanior, Marco Aur\u00e9lio Borges Costa Publisher CRV Overview: Pensar a \u00e1rea da Seguran\u00e7a P\u00fablica a partir de uma \u00fanica disciplina \u00e9 perder de vista a amplitude do fen\u00f4meno, sua complexidade, e reduzir as possibilidades de compreens\u00e3o \u00e0 limites muito discretos. A partir dessa percep\u00e7\u00e3o, o Programa de P\u00f3s-Gradua\u00e7\u00e3o em Seguran\u00e7a P\u00fablica da Universidade Vila Velha vem estimulando um olhar multidisciplinar sobre o tema, na expectativa de avan\u00e7ar em&hellip; <\/p>\n","protected":false},"author":3,"featured_media":17970,"comment_status":"open","ping_status":"closed","sticky":false,"template":"","format":"standard","meta":{"footnotes":""},"categories":[6,25],"tags":[],"class_list":["post-17969","post","type-post","status-publish","format-standard","has-post-thumbnail","hentry","category-livros","category-seguranca-publica-e-defesa"],"views":280,"_links":{"self":[{"href":"https:\/\/www.bibliotecadeseguranca.com.br\/en\/wp-json\/wp\/v2\/posts\/17969","targetHints":{"allow":["GET"]}}],"collection":[{"href":"https:\/\/www.bibliotecadeseguranca.com.br\/en\/wp-json\/wp\/v2\/posts"}],"about":[{"href":"https:\/\/www.bibliotecadeseguranca.com.br\/en\/wp-json\/wp\/v2\/types\/post"}],"author":[{"embeddable":true,"href":"https:\/\/www.bibliotecadeseguranca.com.br\/en\/wp-json\/wp\/v2\/users\/3"}],"replies":[{"embeddable":true,"href":"https:\/\/www.bibliotecadeseguranca.com.br\/en\/wp-json\/wp\/v2\/comments?post=17969"}],"version-history":[{"count":1,"href":"https:\/\/www.bibliotecadeseguranca.com.br\/en\/wp-json\/wp\/v2\/posts\/17969\/revisions"}],"predecessor-version":[{"id":17971,"href":"https:\/\/www.bibliotecadeseguranca.com.br\/en\/wp-json\/wp\/v2\/posts\/17969\/revisions\/17971"}],"wp:featuredmedia":[{"embeddable":true,"href":"https:\/\/www.bibliotecadeseguranca.com.br\/en\/wp-json\/wp\/v2\/media\/17970"}],"wp:attachment":[{"href":"https:\/\/www.bibliotecadeseguranca.com.br\/en\/wp-json\/wp\/v2\/media?parent=17969"}],"wp:term":[{"taxonomy":"category","embeddable":true,"href":"https:\/\/www.bibliotecadeseguranca.com.br\/en\/wp-json\/wp\/v2\/categories?post=17969"},{"taxonomy":"post_tag","embeddable":true,"href":"https:\/\/www.bibliotecadeseguranca.com.br\/en\/wp-json\/wp\/v2\/tags?post=17969"}],"curies":[{"name":"wp","href":"https:\/\/api.w.org\/{rel}","templated":true}]}}