{"id":17315,"date":"2021-05-10T14:00:51","date_gmt":"2021-05-10T17:00:51","guid":{"rendered":"https:\/\/www.bibliotecadeseguranca.com.br\/en\/?p=17315"},"modified":"2021-05-10T12:29:42","modified_gmt":"2021-05-10T15:29:42","slug":"uma-nova-policia-em-ascensao-no-brasil","status":"publish","type":"post","link":"https:\/\/www.bibliotecadeseguranca.com.br\/en\/livros\/uma-nova-policia-em-ascensao-no-brasil\/","title":{"rendered":"Uma Nova Pol\u00edcia em Ascens\u00e3o no Brasil"},"content":{"rendered":"<p><span style=\"color: #003366;\"><strong><img loading=\"lazy\" decoding=\"async\" class=\"alignleft size-full wp-image-17316\" src=\"https:\/\/www.bibliotecadeseguranca.com.br\/en\/wp-content\/uploads\/2021\/05\/uma-nova-policia-em-ascensao-no-brasil.jpg\" alt=\"Uma Nova Pol\u00edcia em Ascens\u00e3o no Brasil\" width=\"145\" height=\"218\" srcset=\"https:\/\/www.bibliotecadeseguranca.com.br\/en\/wp-content\/uploads\/2021\/05\/uma-nova-policia-em-ascensao-no-brasil.jpg 145w, https:\/\/www.bibliotecadeseguranca.com.br\/en\/wp-content\/uploads\/2021\/05\/uma-nova-policia-em-ascensao-no-brasil-100x150.jpg 100w\" sizes=\"auto, (max-width: 145px) 100vw, 145px\" \/>Os\u00e9ias Francisco da Silva<\/strong><\/span><\/p>\n<p><span style=\"color: #003366;\"><strong>Publisher Scortecci<\/strong><\/span><\/p>\n<p><span style=\"color: #003366;\"><strong>Overview:<\/strong><\/span> As guardas civis municipais s\u00e3o \u00f3rg\u00e3os constituintes da seguran\u00e7a p\u00fablica desde sua previs\u00e3o no par\u00e1grafo 8\u00ba do artigo 144 da Constitui\u00e7\u00e3o Federal, ganhando for\u00e7a com a Lei Federal 13.022\/2014, que regulamentou de maneira a expandir e clarificar suas compet\u00eancias gerais e espec\u00edficas, e a Lei Federal 13.675\/2018, que criou o Sistema \u00danico de Seguran\u00e7a P\u00fablica, reservou um espa\u00e7o destacado para as guardas municipais e estabeleceu o entendimento legal que seguran\u00e7a p\u00fablica \u00e9 dever da Uni\u00e3o, dos Estados, do Distrito Federal e dos Munic\u00edpios. Soma-se a isso o clamor social que colocou a seguran\u00e7a como uma das principais prioridades nas agendas p\u00fablicas e institucionais. Os munic\u00edpios s\u00e3o a realidade concreta e efetiva de onde as pessoas vivem, convivem e demandam aos prefeitos e vereadores, e deles esperam que suas reivindica\u00e7\u00f5es sejam atendidas. Nesse contexto, as guardas municipais ganham cada vez mais relev\u00e2ncia e uma nova pol\u00edcia se estabelece no cen\u00e1rio da seguran\u00e7a p\u00fablica.<br \/>\nA pesquisa demonstrada neste livro aborda, de forma pioneira, o impacto da Lei Federal 13.022\/2014, Estatuto Geral das Guardas Municipais, uma norma que regulamentou as compet\u00eancias gerais e espec\u00edficas desses importantes \u00f3rg\u00e3os da seguran\u00e7a p\u00fablica. Atento estudioso da mat\u00e9ria, o autor desta obra, com sua larga experi\u00eancia profissional e milit\u00e2ncia, vai a campo pesquisar diretamente com os operadores e gestores da seguran\u00e7a p\u00fablica municipal o impacto da nova legisla\u00e7\u00e3o do ponto de vista institucional e profissional. O resultado da pesquisa \u00e9 apresentado no livro juntamente com uma ampla discuss\u00e3o sobre o lugar das guardas municipais no sistema de seguran\u00e7a p\u00fablica. A pesquisa vai revelar as possibilidades do surgimento ou fortalecimento de uma nova pol\u00edcia ou a manuten\u00e7\u00e3o de um modelo que assimilou caracter\u00edsticas de outra institui\u00e7\u00e3o e as reproduz. No momento em que se discute a seguran\u00e7a p\u00fablica no Pa\u00eds, principalmente em virtude dos alt\u00edssimos \u00edndices de homic\u00eddios e baix\u00edssima resolu\u00e7\u00e3o dos inqu\u00e9ritos criminais, somados \u00e0s cr\u00edticas na gest\u00e3o dos recursos humanos, materiais e financeiros das institui\u00e7\u00f5es, este livro ganha maior relev\u00e2ncia. A obra traz uma importante contribui\u00e7\u00e3o ao debate quando n\u00e3o apenas se dedica a problematizar e desvelar caracter\u00edsticas fundamentais das guardas municipais, mas, sobretudo, pelas propostas apresentadas para aperfei\u00e7oamento, fortalecimento e desenvolvimento dessas corpora\u00e7\u00f5es que se tornaram imprescind\u00edveis para as cidades e para os cidad\u00e3os brasileiros.<\/p>\n","protected":false},"excerpt":{"rendered":"<p>Os\u00e9ias Francisco da Silva Publisher Scortecci Overview: As guardas civis municipais s\u00e3o \u00f3rg\u00e3os constituintes da seguran\u00e7a p\u00fablica desde sua previs\u00e3o no par\u00e1grafo 8\u00ba do artigo 144 da Constitui\u00e7\u00e3o Federal, ganhando for\u00e7a com a Lei Federal 13.022\/2014, que regulamentou de maneira a expandir e clarificar suas compet\u00eancias gerais e espec\u00edficas, e a Lei Federal 13.675\/2018, que criou o Sistema \u00danico de Seguran\u00e7a P\u00fablica, reservou um espa\u00e7o destacado para as guardas municipais&hellip; <\/p>\n","protected":false},"author":3,"featured_media":17316,"comment_status":"open","ping_status":"closed","sticky":false,"template":"","format":"standard","meta":{"footnotes":""},"categories":[6,25],"tags":[],"class_list":["post-17315","post","type-post","status-publish","format-standard","has-post-thumbnail","hentry","category-livros","category-seguranca-publica-e-defesa"],"views":437,"_links":{"self":[{"href":"https:\/\/www.bibliotecadeseguranca.com.br\/en\/wp-json\/wp\/v2\/posts\/17315","targetHints":{"allow":["GET"]}}],"collection":[{"href":"https:\/\/www.bibliotecadeseguranca.com.br\/en\/wp-json\/wp\/v2\/posts"}],"about":[{"href":"https:\/\/www.bibliotecadeseguranca.com.br\/en\/wp-json\/wp\/v2\/types\/post"}],"author":[{"embeddable":true,"href":"https:\/\/www.bibliotecadeseguranca.com.br\/en\/wp-json\/wp\/v2\/users\/3"}],"replies":[{"embeddable":true,"href":"https:\/\/www.bibliotecadeseguranca.com.br\/en\/wp-json\/wp\/v2\/comments?post=17315"}],"version-history":[{"count":2,"href":"https:\/\/www.bibliotecadeseguranca.com.br\/en\/wp-json\/wp\/v2\/posts\/17315\/revisions"}],"predecessor-version":[{"id":17318,"href":"https:\/\/www.bibliotecadeseguranca.com.br\/en\/wp-json\/wp\/v2\/posts\/17315\/revisions\/17318"}],"wp:featuredmedia":[{"embeddable":true,"href":"https:\/\/www.bibliotecadeseguranca.com.br\/en\/wp-json\/wp\/v2\/media\/17316"}],"wp:attachment":[{"href":"https:\/\/www.bibliotecadeseguranca.com.br\/en\/wp-json\/wp\/v2\/media?parent=17315"}],"wp:term":[{"taxonomy":"category","embeddable":true,"href":"https:\/\/www.bibliotecadeseguranca.com.br\/en\/wp-json\/wp\/v2\/categories?post=17315"},{"taxonomy":"post_tag","embeddable":true,"href":"https:\/\/www.bibliotecadeseguranca.com.br\/en\/wp-json\/wp\/v2\/tags?post=17315"}],"curies":[{"name":"wp","href":"https:\/\/api.w.org\/{rel}","templated":true}]}}