{"id":17259,"date":"2021-04-16T14:00:34","date_gmt":"2021-04-16T17:00:34","guid":{"rendered":"https:\/\/www.bibliotecadeseguranca.com.br\/en\/?p=17259"},"modified":"2021-04-16T13:07:10","modified_gmt":"2021-04-16T16:07:10","slug":"seguranca-da-crianca-e-do-adolescente","status":"publish","type":"post","link":"https:\/\/www.bibliotecadeseguranca.com.br\/en\/livros\/seguranca-da-crianca-e-do-adolescente\/","title":{"rendered":"Seguran\u00e7a da Crian\u00e7a e do Adolescente"},"content":{"rendered":"<p><span style=\"color: #003366;\"><strong><img loading=\"lazy\" decoding=\"async\" class=\"alignleft size-full wp-image-17260\" src=\"https:\/\/www.bibliotecadeseguranca.com.br\/en\/wp-content\/uploads\/2021\/04\/seguranca-da-crianca-e-do-adolescente.jpg\" alt=\"Seguran\u00e7a da Crian\u00e7a e do Adolescente\" width=\"145\" height=\"205\" srcset=\"https:\/\/www.bibliotecadeseguranca.com.br\/en\/wp-content\/uploads\/2021\/04\/seguranca-da-crianca-e-do-adolescente.jpg 145w, https:\/\/www.bibliotecadeseguranca.com.br\/en\/wp-content\/uploads\/2021\/04\/seguranca-da-crianca-e-do-adolescente-106x150.jpg 106w\" sizes=\"auto, (max-width: 145px) 100vw, 145px\" \/>Jos\u00e9 Tarcisio de Carvalho Neves, CPP <\/strong><\/span><br \/>\n<span style=\"color: #003366;\"><strong>Marcy Jos\u00e9 de Campos Verde, CPP<\/strong><\/span><\/p>\n<p><span style=\"color: #003366;\"><strong>Overview:<\/strong><\/span> A criminalidade n\u00e3o respeita idade, sexo, hora ou lugar nos grandes centros urbanos \u2013 e mesmo em cidades onde, at\u00e9 ent\u00e3o, noticias de crimes eram raras \u2013 viol\u00eancia passou a fazer parte do dia-a-dia das pessoas, sendo tema obrigat\u00f3rio em todas as conversas. Todos n\u00f3s estamos sujeitos a ter que enfrenta-la, independentemente de nossa posi\u00e7\u00e3o na sociedade.<br \/>\nAt\u00e9 mesmo crian\u00e7as e adolescentes podem ser vitimas de crimes e de viol\u00eancia. Parece-nos assustador imaginar que nossos filhos, para quem tanto nos dedicamos e envidamos os maiores sacrif\u00edcios na tentativa de garanti-lhes um futuro melhor, possam ser alvo, e por que n\u00e3o \u201cagentes\u201d, a\u00e7\u00f5es criminosas.<br \/>\nPor isso temos que ser realistas e entender que, nos dias em que vivemos, todo o cuidado \u00e9 pouco para nossas crian\u00e7as e adolescentes sejam poupadas da viol\u00eancia que nos assola. Mesmo que diretamente n\u00e3o sejam vitimas, o simples presenciar de atos criminosos ou situa\u00e7\u00e3o de viol\u00eancia pode construir numa traum\u00e1tica experi\u00eancia para os menores e, para alguns deles, lamentavelmente em um meio de vida.<br \/>\nAtos criminosos envolvendo crian\u00e7a e jovens s\u00e3o frequente e, via de regra, chocam mais do que aqueles em que adultos aparecem como autores ou vitimas. Estat\u00edsticas norte-americanas mostram que jovens de idade entre 12 a 19 anos, s\u00e3o duas vezes mais, v\u00edtimas de crimes (assaltos, raptos, abuso sexuais e outros) do que pessoas com 20 anos ou mais, e com capacidade limitada de enfrent\u00e1-los!<\/p>\n<p><a href=\"https:\/\/www.bibliotecadeseguranca.com.br\/wp-content\/uploads\/2021\/04\/seguranca-da-crianca-e-do-adolescente.pdf\" target=\"_blank\" rel=\"noopener\"><img loading=\"lazy\" decoding=\"async\" class=\"alignleft wp-image-11251 size-full\" src=\"https:\/\/www.bibliotecadeseguranca.com.br\/en\/wp-content\/uploads\/2014\/08\/download.gif\" alt=\"Download\" width=\"89\" height=\"25\" \/><\/a><\/p>\n","protected":false},"excerpt":{"rendered":"<p>Jos\u00e9 Tarcisio de Carvalho Neves, CPP Marcy Jos\u00e9 de Campos Verde, CPP Overview: A criminalidade n\u00e3o respeita idade, sexo, hora ou lugar nos grandes centros urbanos \u2013 e mesmo em cidades onde, at\u00e9 ent\u00e3o, noticias de crimes eram raras \u2013 viol\u00eancia passou a fazer parte do dia-a-dia das pessoas, sendo tema obrigat\u00f3rio em todas as conversas. Todos n\u00f3s estamos sujeitos a ter que enfrenta-la, independentemente de nossa posi\u00e7\u00e3o na sociedade.&hellip; <\/p>\n","protected":false},"author":3,"featured_media":17260,"comment_status":"open","ping_status":"closed","sticky":false,"template":"","format":"standard","meta":{"footnotes":""},"categories":[6,112,24,25],"tags":[],"class_list":["post-17259","post","type-post","status-publish","format-standard","has-post-thumbnail","hentry","category-livros","category-download","category-seguranca-pessoal-e-sequestro","category-seguranca-publica-e-defesa"],"views":280,"_links":{"self":[{"href":"https:\/\/www.bibliotecadeseguranca.com.br\/en\/wp-json\/wp\/v2\/posts\/17259","targetHints":{"allow":["GET"]}}],"collection":[{"href":"https:\/\/www.bibliotecadeseguranca.com.br\/en\/wp-json\/wp\/v2\/posts"}],"about":[{"href":"https:\/\/www.bibliotecadeseguranca.com.br\/en\/wp-json\/wp\/v2\/types\/post"}],"author":[{"embeddable":true,"href":"https:\/\/www.bibliotecadeseguranca.com.br\/en\/wp-json\/wp\/v2\/users\/3"}],"replies":[{"embeddable":true,"href":"https:\/\/www.bibliotecadeseguranca.com.br\/en\/wp-json\/wp\/v2\/comments?post=17259"}],"version-history":[{"count":1,"href":"https:\/\/www.bibliotecadeseguranca.com.br\/en\/wp-json\/wp\/v2\/posts\/17259\/revisions"}],"predecessor-version":[{"id":17261,"href":"https:\/\/www.bibliotecadeseguranca.com.br\/en\/wp-json\/wp\/v2\/posts\/17259\/revisions\/17261"}],"wp:featuredmedia":[{"embeddable":true,"href":"https:\/\/www.bibliotecadeseguranca.com.br\/en\/wp-json\/wp\/v2\/media\/17260"}],"wp:attachment":[{"href":"https:\/\/www.bibliotecadeseguranca.com.br\/en\/wp-json\/wp\/v2\/media?parent=17259"}],"wp:term":[{"taxonomy":"category","embeddable":true,"href":"https:\/\/www.bibliotecadeseguranca.com.br\/en\/wp-json\/wp\/v2\/categories?post=17259"},{"taxonomy":"post_tag","embeddable":true,"href":"https:\/\/www.bibliotecadeseguranca.com.br\/en\/wp-json\/wp\/v2\/tags?post=17259"}],"curies":[{"name":"wp","href":"https:\/\/api.w.org\/{rel}","templated":true}]}}