{"id":17150,"date":"2021-03-01T14:00:31","date_gmt":"2021-03-01T17:00:31","guid":{"rendered":"https:\/\/www.bibliotecadeseguranca.com.br\/en\/?p=17150"},"modified":"2021-03-01T11:59:33","modified_gmt":"2021-03-01T14:59:33","slug":"cartilha-gabinete-de-gestao-integrada-em-seguranca-publica-cgi","status":"publish","type":"post","link":"https:\/\/www.bibliotecadeseguranca.com.br\/en\/livros\/cartilha-gabinete-de-gestao-integrada-em-seguranca-publica-cgi\/","title":{"rendered":"Cartilha Gabinete de Gest\u00e3o Integrada em Seguran\u00e7a P\u00fablica (CGI)"},"content":{"rendered":"<p><span style=\"color: #000080;\"><strong><img loading=\"lazy\" decoding=\"async\" class=\"alignleft size-full wp-image-17151\" src=\"https:\/\/www.bibliotecadeseguranca.com.br\/en\/wp-content\/uploads\/2021\/03\/cartilha-gabinete-de-gestao-integrada-em-seguranca-publica-cgi.jpg\" alt=\"Cartilha Gabinete de Gest\u00e3o Integrada em Seguran\u00e7a P\u00fablica (CGI)\" width=\"145\" height=\"205\" srcset=\"https:\/\/www.bibliotecadeseguranca.com.br\/en\/wp-content\/uploads\/2021\/03\/cartilha-gabinete-de-gestao-integrada-em-seguranca-publica-cgi.jpg 145w, https:\/\/www.bibliotecadeseguranca.com.br\/en\/wp-content\/uploads\/2021\/03\/cartilha-gabinete-de-gestao-integrada-em-seguranca-publica-cgi-106x150.jpg 106w\" sizes=\"auto, (max-width: 145px) 100vw, 145px\" \/>Minist\u00e9rio da Justi\u00e7a e Cidadania \u2013 Secretaria Nacional de Seguran\u00e7a P\u00fablica &#8211; Brasil<\/strong><\/span><\/p>\n<p><span style=\"color: #000080;\"><strong>Overview:<\/strong><\/span> A Secretaria Nacional de Seguran\u00e7a P\u00fablica do Minist\u00e9rio da Justi\u00e7a (SENASP\/MJ) tem a satisfa\u00e7\u00e3o de lan\u00e7ar a presente cartilha informativa com o intuito de orientar os Gestores e demais profissionais que atuam na Seguran\u00e7a P\u00fablica sobre a constitui\u00e7\u00e3o, atribui\u00e7\u00f5es e potencialidades dos Gabinetes de Gest\u00e3o Integrada em Seguran\u00e7a P\u00fablica (GGIs), como tamb\u00e9m colaborar para o fortalecimento institucional daqueles j\u00e1 existentes e em funcionamento.<br \/>\nOs GGIs consistem em um f\u00f3rum deliberativo e executivo, sendo respons\u00e1vel pela defini\u00e7\u00e3o de a\u00e7\u00f5es de prote\u00e7\u00e3o e promo\u00e7\u00e3o de direitos, preven\u00e7\u00e3o situacional e social das viol\u00eancias, repress\u00e3o qualificada da criminalidade e, no limite, pela regula\u00e7\u00e3o e fiscaliza\u00e7\u00e3o administrativa do espa\u00e7o urbano.<br \/>\nAs decis\u00f5es ser\u00e3o sempre baseadas no consenso do grupo, sem hierarquia e subordina\u00e7\u00e3o entre seus componentes, respeitando as autonomias institucionais, almejando a coopera\u00e7\u00e3o m\u00fatua, a integra\u00e7\u00e3o sist\u00eamica e a interlocu\u00e7\u00e3o permanente entre as institui\u00e7\u00f5es do sistema de justi\u00e7a criminal e as inst\u00e2ncias promotoras da seguran\u00e7a p\u00fablica, facultando a participa\u00e7\u00e3o, sempre que poss\u00edvel e necess\u00e1rio, da sociedade civil.<br \/>\nOs Gabinetes s\u00e3o compostos por representantes dos entes federados e das institui\u00e7\u00f5es do Poder P\u00fablico que atuam, de forma direta ou indireta, na \u00e1rea da Seguran\u00e7a P\u00fablica. Trata-se de uma ferramenta de gest\u00e3o que re\u00fane um conjunto de institui\u00e7\u00f5es que incidem sobre a pol\u00edtica de seguran\u00e7a p\u00fablica, promovendo projetos e a\u00e7\u00f5es integradas, tendo como objetivo discutir, deliberar e executar essas pol\u00edticas, com vistas ao controle, \u00e0 preven\u00e7\u00e3o e \u00e0 diminui\u00e7\u00e3o das viol\u00eancias e crimes e ao consequente aumento da sensa\u00e7\u00e3o de seguran\u00e7a nas cidades.<br \/>\nO Gabinete de Gest\u00e3o Integrada foi inicialmente concebido no \u00e2mbito do Sistema \u00danico de Seguran\u00e7a P\u00fablica, voltado para a atua\u00e7\u00e3o nos estados que comp\u00f5e a Federa\u00e7\u00e3o, objetivando primordialmente ser um espa\u00e7o de interlocu\u00e7\u00e3o permanente entre as institui\u00e7\u00f5es do sistema de justi\u00e7a criminal e as inst\u00e2ncias promotoras da seguran\u00e7a p\u00fablica. Surgiu assim a primeira modalidade de gabinete, atrav\u00e9s do Gabinete de Gest\u00e3o Integrada Estadual (GGI-E).<\/p>\n<p><a href=\"https:\/\/www.bibliotecadeseguranca.com.br\/wp-content\/uploads\/2021\/03\/cartilha-gabinete-de-gestao-integrada-em-seguranca-publica-cgi.pdf\" target=\"_blank\" rel=\"noopener\"><img loading=\"lazy\" decoding=\"async\" class=\"alignleft wp-image-11251 size-full\" src=\"https:\/\/www.bibliotecadeseguranca.com.br\/en\/wp-content\/uploads\/2014\/08\/download.gif\" alt=\"Download\" width=\"89\" height=\"25\" \/><\/a><\/p>\n","protected":false},"excerpt":{"rendered":"<p>Minist\u00e9rio da Justi\u00e7a e Cidadania \u2013 Secretaria Nacional de Seguran\u00e7a P\u00fablica &#8211; Brasil Overview: A Secretaria Nacional de Seguran\u00e7a P\u00fablica do Minist\u00e9rio da Justi\u00e7a (SENASP\/MJ) tem a satisfa\u00e7\u00e3o de lan\u00e7ar a presente cartilha informativa com o intuito de orientar os Gestores e demais profissionais que atuam na Seguran\u00e7a P\u00fablica sobre a constitui\u00e7\u00e3o, atribui\u00e7\u00f5es e potencialidades dos Gabinetes de Gest\u00e3o Integrada em Seguran\u00e7a P\u00fablica (GGIs), como tamb\u00e9m colaborar para o fortalecimento&hellip; <\/p>\n","protected":false},"author":3,"featured_media":17151,"comment_status":"open","ping_status":"closed","sticky":false,"template":"","format":"standard","meta":{"footnotes":""},"categories":[6,112,25],"tags":[],"class_list":["post-17150","post","type-post","status-publish","format-standard","has-post-thumbnail","hentry","category-livros","category-download","category-seguranca-publica-e-defesa"],"views":367,"_links":{"self":[{"href":"https:\/\/www.bibliotecadeseguranca.com.br\/en\/wp-json\/wp\/v2\/posts\/17150","targetHints":{"allow":["GET"]}}],"collection":[{"href":"https:\/\/www.bibliotecadeseguranca.com.br\/en\/wp-json\/wp\/v2\/posts"}],"about":[{"href":"https:\/\/www.bibliotecadeseguranca.com.br\/en\/wp-json\/wp\/v2\/types\/post"}],"author":[{"embeddable":true,"href":"https:\/\/www.bibliotecadeseguranca.com.br\/en\/wp-json\/wp\/v2\/users\/3"}],"replies":[{"embeddable":true,"href":"https:\/\/www.bibliotecadeseguranca.com.br\/en\/wp-json\/wp\/v2\/comments?post=17150"}],"version-history":[{"count":1,"href":"https:\/\/www.bibliotecadeseguranca.com.br\/en\/wp-json\/wp\/v2\/posts\/17150\/revisions"}],"predecessor-version":[{"id":17152,"href":"https:\/\/www.bibliotecadeseguranca.com.br\/en\/wp-json\/wp\/v2\/posts\/17150\/revisions\/17152"}],"wp:featuredmedia":[{"embeddable":true,"href":"https:\/\/www.bibliotecadeseguranca.com.br\/en\/wp-json\/wp\/v2\/media\/17151"}],"wp:attachment":[{"href":"https:\/\/www.bibliotecadeseguranca.com.br\/en\/wp-json\/wp\/v2\/media?parent=17150"}],"wp:term":[{"taxonomy":"category","embeddable":true,"href":"https:\/\/www.bibliotecadeseguranca.com.br\/en\/wp-json\/wp\/v2\/categories?post=17150"},{"taxonomy":"post_tag","embeddable":true,"href":"https:\/\/www.bibliotecadeseguranca.com.br\/en\/wp-json\/wp\/v2\/tags?post=17150"}],"curies":[{"name":"wp","href":"https:\/\/api.w.org\/{rel}","templated":true}]}}