{"id":17086,"date":"2021-02-02T14:00:10","date_gmt":"2021-02-02T17:00:10","guid":{"rendered":"https:\/\/www.bibliotecadeseguranca.com.br\/en\/?p=17086"},"modified":"2021-02-02T12:02:02","modified_gmt":"2021-02-02T15:02:02","slug":"revista-fenavist-ano-xviii-n-36-dezembro-2020","status":"publish","type":"post","link":"https:\/\/www.bibliotecadeseguranca.com.br\/en\/periodicos-de-seguranca\/revista-fenavist-ano-xviii-n-36-dezembro-2020\/","title":{"rendered":"Revista Fenavist \u2013 Ano XVIII \u2013 N 36 \u2013 Dezembro 2020"},"content":{"rendered":"<p><span style=\"color: #003366;\"><strong><img loading=\"lazy\" decoding=\"async\" class=\"alignleft size-full wp-image-17087\" src=\"https:\/\/www.bibliotecadeseguranca.com.br\/en\/wp-content\/uploads\/2021\/02\/revista-fenavist-ano-xviii-n-36-dezembro-2020.jpg\" alt=\"Revista Fenavist \u2013 Ano XVIII \u2013 N 36 \u2013 Dezembro 2020\" width=\"145\" height=\"194\" srcset=\"https:\/\/www.bibliotecadeseguranca.com.br\/en\/wp-content\/uploads\/2021\/02\/revista-fenavist-ano-xviii-n-36-dezembro-2020.jpg 145w, https:\/\/www.bibliotecadeseguranca.com.br\/en\/wp-content\/uploads\/2021\/02\/revista-fenavist-ano-xviii-n-36-dezembro-2020-112x150.jpg 112w\" sizes=\"auto, (max-width: 145px) 100vw, 145px\" \/>Overview:<\/strong><\/span> Terceiriza\u00e7\u00e3o da Culpa<\/p>\n<p>Chegamos ao final de 2020. Provavelmente, o ano mais dif\u00edcil da hist\u00f3ria da nossa gera\u00e7\u00e3o. A pandemia da Covid-19 trouxe enormes desafios para todos n\u00f3s e nossas empresas. Como atividade essencial, a seguran\u00e7a privada teve de se adaptar ainda mais r\u00e1pido, na verdade, de forma instant\u00e2nea. Como das vezes em que nos foram impostos grandes desafios, correspondemos \u00e0 altura. Outras atividades essenciais, que dependiam da seguran\u00e7a privada para funcionar, n\u00e3o<br \/>\nficaram um dia, sequer, sem atender \u00e0 popula\u00e7\u00e3o.<\/p>\n<p>Quando caminh\u00e1vamos para o final deste ano com o surgimento de uma luz no horizonte, com a aprova\u00e7\u00e3o de vacinas e o in\u00edcio da imuniza\u00e7\u00e3o em alguns pa\u00edses, fomos atingidos fortemente pela trag\u00e9dia ocorrida em uma unidade da rede de supermercados Carrefour, em Porto Alegre-RS. Como em 99,9% de casos semelhantes, os fatos se devem a indiv\u00edduos que se transvestem de seguran\u00e7as e agem de maneira totalmente errada e sem cumprir orienta\u00e7\u00f5es e ensinamentos dos cursos de forma\u00e7\u00e3o de vigil\u00e2ncia e seguran\u00e7a.<\/p>\n<p>Os dois indiv\u00edduos envolvidos nas agress\u00f5es, que levaram \u00e0 morte de Jo\u00e3o Alberto, n\u00e3o estavam aptos a exercer a fun\u00e7\u00e3o de seguran\u00e7a privada naquele momento, n\u00e3o tinham habilita\u00e7\u00e3o para exercer a atividade, assim como um deles, um policial militar que fazia \u201cbico\u201d. Em meio \u00e0 como\u00e7\u00e3o, os olhos de todos se voltaram para o nosso segmento de seguran\u00e7a privada. Por falta de conhecimento ou pela \u00e2nsia de noticiar primeiro que os concorrentes, muitas mat\u00e9rias jornal\u00edsticas come\u00e7aram a nivelar todas as empresas e vigilantes por baixo, como se todos f\u00f4ssemos irrespons\u00e1veis e assassinos.<\/p>\n<p>O que se percebeu em todo esse epis\u00f3dio \u00e9 uma iniciativa expl\u00edcita de terceiriza\u00e7\u00e3o da culpa para todo o segmento de seguran\u00e7a privada, iniciativa que ficou evidenciada com a decis\u00e3o do Carrefour de dar in\u00edcio ao processo de internaliza\u00e7\u00e3o da seguran\u00e7a das lojas no Brasil, sem mostrar evid\u00eancias de como far\u00e1 e se far\u00e1 da forma correta, visto que nos colocamos \u00e0 disposi\u00e7\u00e3o para auxiliar e orientar, mas n\u00e3o fomos sequer respondidos em nosso of\u00edcio 126\/2020, de 24 de novembro.<\/p>\n<p>Ao tomar essa atitude, o supermercado passa a mensagem que os respons\u00e1veis s\u00e3o apenas as empresas contratadas e os indiv\u00edduos envolvidos na morte. Busca se eximir da responsabilidade pela contrata\u00e7\u00e3o, que tem grandes chances de ter sido focada apenas em pre\u00e7o, sem considerar que um valor muito abaixo do mercado, provavelmente, acarretaria em uma contrata\u00e7\u00e3o irregular ou at\u00e9 mesmo de servi\u00e7os clandestinos, uma pr\u00e1tica comum entre v\u00e1rios contratantes no Brasil, cuja \u00fanica atitude durante as negocia\u00e7\u00f5es \u00e9 contratar pre\u00e7o e n\u00e3o servi\u00e7os legais ou seguros para buscar de fato a prote\u00e7\u00e3o das vidas dos clientes, colaboradores e de seu patrim\u00f4nio.<br \/>\nO pior de tudo \u00e9 que situa\u00e7\u00f5es como a de Porto Alegre poderiam ser evitadas. N\u00e3o \u00e9 de hoje que empresas, trabalhadores e Pol\u00edcia Federal alertam para a urg\u00eancia da aprova\u00e7\u00e3o do Estatuto da Seguran\u00e7a Privada, que tramita h\u00e1 10 anos no Congresso Nacional. E que, h\u00e1 4 anos, aguarda por uma \u00faltima an\u00e1lise do Senado. Sem a nova Lei, o risco de novas trag\u00e9dias \u00e9 sempre alto. \u00c9 um convite tentador \u00e0 expans\u00e3o da seguran\u00e7a clandestina.<\/p>\n<p>Quero terminar falando algo que tenho repetido \u00e0 exaust\u00e3o nos \u00faltimos dias: \u00e9 desrespeitosa e sem fundamento a iniciativa de atribuir a todo o segmento a culpa por um epis\u00f3dio espec\u00edfico, uma exce\u00e7\u00e3o, praticado por profissionais irregulares e por um contratante que n\u00e3o teve responsabilidade na contrata\u00e7\u00e3o. As cenas registradas no brutal e injustific\u00e1vel ataque n\u00e3o representa a seguran\u00e7a privada nem o modo profissional com o qual a atividade atua em todo o Brasil.<\/p>\n<p>Que em 2021 possamos virar a p\u00e1gina de todos os desafios que nos foram apresentados nos \u00faltimos 12 meses, um ano em que continuaremos lutando pelo nosso setor, com \u00e9tica e uni\u00e3o.<\/p>\n<p>Jeferson Naz\u00e1rio (Presidente da Fenavist)<\/p>\n<p><a href=\"https:\/\/www.bibliotecadeseguranca.com.br\/wp-content\/uploads\/2021\/02\/revista-fenavist-ano-xviii-n-36-dezembro-2020.pdf\" target=\"_blank\" rel=\"noopener\"><img loading=\"lazy\" decoding=\"async\" class=\"alignleft wp-image-11251 size-full\" src=\"https:\/\/www.bibliotecadeseguranca.com.br\/en\/wp-content\/uploads\/2014\/08\/download.gif\" alt=\"Download\" width=\"89\" height=\"25\" \/><\/a><\/p>\n","protected":false},"excerpt":{"rendered":"<p>Overview: Terceiriza\u00e7\u00e3o da Culpa Chegamos ao final de 2020. Provavelmente, o ano mais dif\u00edcil da hist\u00f3ria da nossa gera\u00e7\u00e3o. A pandemia da Covid-19 trouxe enormes desafios para todos n\u00f3s e nossas empresas. Como atividade essencial, a seguran\u00e7a privada teve de se adaptar ainda mais r\u00e1pido, na verdade, de forma instant\u00e2nea. Como das vezes em que nos foram impostos grandes desafios, correspondemos \u00e0 altura. Outras atividades essenciais, que dependiam da seguran\u00e7a&hellip; <\/p>\n","protected":false},"author":3,"featured_media":17087,"comment_status":"open","ping_status":"closed","sticky":false,"template":"","format":"standard","meta":{"footnotes":""},"categories":[112,123,71],"tags":[],"class_list":["post-17086","post","type-post","status-publish","format-standard","has-post-thumbnail","hentry","category-download","category-revista-fenavist","category-periodicos-de-seguranca"],"views":237,"_links":{"self":[{"href":"https:\/\/www.bibliotecadeseguranca.com.br\/en\/wp-json\/wp\/v2\/posts\/17086","targetHints":{"allow":["GET"]}}],"collection":[{"href":"https:\/\/www.bibliotecadeseguranca.com.br\/en\/wp-json\/wp\/v2\/posts"}],"about":[{"href":"https:\/\/www.bibliotecadeseguranca.com.br\/en\/wp-json\/wp\/v2\/types\/post"}],"author":[{"embeddable":true,"href":"https:\/\/www.bibliotecadeseguranca.com.br\/en\/wp-json\/wp\/v2\/users\/3"}],"replies":[{"embeddable":true,"href":"https:\/\/www.bibliotecadeseguranca.com.br\/en\/wp-json\/wp\/v2\/comments?post=17086"}],"version-history":[{"count":1,"href":"https:\/\/www.bibliotecadeseguranca.com.br\/en\/wp-json\/wp\/v2\/posts\/17086\/revisions"}],"predecessor-version":[{"id":17088,"href":"https:\/\/www.bibliotecadeseguranca.com.br\/en\/wp-json\/wp\/v2\/posts\/17086\/revisions\/17088"}],"wp:featuredmedia":[{"embeddable":true,"href":"https:\/\/www.bibliotecadeseguranca.com.br\/en\/wp-json\/wp\/v2\/media\/17087"}],"wp:attachment":[{"href":"https:\/\/www.bibliotecadeseguranca.com.br\/en\/wp-json\/wp\/v2\/media?parent=17086"}],"wp:term":[{"taxonomy":"category","embeddable":true,"href":"https:\/\/www.bibliotecadeseguranca.com.br\/en\/wp-json\/wp\/v2\/categories?post=17086"},{"taxonomy":"post_tag","embeddable":true,"href":"https:\/\/www.bibliotecadeseguranca.com.br\/en\/wp-json\/wp\/v2\/tags?post=17086"}],"curies":[{"name":"wp","href":"https:\/\/api.w.org\/{rel}","templated":true}]}}