{"id":17052,"date":"2021-01-19T14:00:32","date_gmt":"2021-01-19T17:00:32","guid":{"rendered":"https:\/\/www.bibliotecadeseguranca.com.br\/en\/?p=17052"},"modified":"2021-01-19T12:32:56","modified_gmt":"2021-01-19T15:32:56","slug":"estrategia-nacional-de-seguranca-de-infraestruturas-criticas","status":"publish","type":"post","link":"https:\/\/www.bibliotecadeseguranca.com.br\/en\/livros\/estrategia-nacional-de-seguranca-de-infraestruturas-criticas\/","title":{"rendered":"Estrat\u00e9gia Nacional de Seguran\u00e7a de Infraestruturas Cr\u00edticas"},"content":{"rendered":"<p><span style=\"color: #003366;\"><strong><img loading=\"lazy\" decoding=\"async\" class=\"alignleft size-full wp-image-17053\" src=\"https:\/\/www.bibliotecadeseguranca.com.br\/en\/wp-content\/uploads\/2021\/01\/estrategia-nacional-de-seguranca-de-infraestruturas-criticas.jpg\" alt=\"Estrat\u00e9gia Nacional de Seguran\u00e7a de Infraestruturas Cr\u00edticas\" width=\"145\" height=\"205\" srcset=\"https:\/\/www.bibliotecadeseguranca.com.br\/en\/wp-content\/uploads\/2021\/01\/estrategia-nacional-de-seguranca-de-infraestruturas-criticas.jpg 145w, https:\/\/www.bibliotecadeseguranca.com.br\/en\/wp-content\/uploads\/2021\/01\/estrategia-nacional-de-seguranca-de-infraestruturas-criticas-106x150.jpg 106w\" sizes=\"auto, (max-width: 145px) 100vw, 145px\" \/>Presid\u00eancia da Rep\u00fablica &#8211; Brasil<\/strong><\/span><\/p>\n<p><span style=\"color: #003366;\"><strong>Overview:<\/strong><\/span> As infraestruturas de comunica\u00e7\u00f5es, de energia, de transportes, de finan\u00e7as e de \u00e1guas, entre outras, possuem dimens\u00e3o estrat\u00e9gica, uma vez que desempenham papel essencial tanto para a seguran\u00e7a e soberania nacionais, como para a integra\u00e7\u00e3o e o desenvolvimento econ\u00f4mico sustent\u00e1vel do Pa\u00eds. Fatores que prejudiquem o adequado fornecimento dos servi\u00e7os provenientes dessas infraestruturas podem acarretar transtornos e preju\u00edzos ao Estado, \u00e0 sociedade e ao meio ambiente.<br \/>\nDe maneira geral, os pa\u00edses buscam se preparar para poss\u00edveis imprevistos que possam afetar tais infraestruturas, identificando a\u00e7\u00f5es e procedimentos que permitam garantir o seu funcionamento, ainda que com algum tipo de restri\u00e7\u00e3o.<br \/>\nNesse quadro, torna-se imperativa a atividade denominada seguran\u00e7a de infraestruturas cr\u00edticas, cuja implementa\u00e7\u00e3o necessita do esfor\u00e7o conjunto do Estado e da sociedade. A seguran\u00e7a de infraestruturas cr\u00edticas passou a ser uma tend\u00eancia mundial logo ap\u00f3s os atentados terroristas ocorridos nos Estados Unidos da Am\u00e9rica, em 11 de setembro de 2001. O governo americano, \u00e0 \u00e9poca, publicou uma s\u00e9rie de diretrizes de seguran\u00e7a interna, entre as quais havia a elabora\u00e7\u00e3o de um plano nacional abrangente para garantir a seguran\u00e7a de infraestruturas cr\u00edticas, por meio de coopera\u00e7\u00e3o das autoridades e das ag\u00eancias federais, regionais e locais, al\u00e9m do setor privado e de outras entidades.<br \/>\nDa mesma forma, a Uni\u00e3o Europeia desenvolveu seu programa de prote\u00e7\u00e3o, visando assegurar n\u00edveis de prote\u00e7\u00e3o adequados e uniformes das infraestruturas cr\u00edticas, reduzir ao m\u00ednimo suas falhas e facultar meios de recupera\u00e7\u00e3o r\u00e1pida de seus servi\u00e7os. Como consequ\u00eancia, em 2006, a Comiss\u00e3o Europeia publicou uma diretiva determinando a seus Estados-membros adotar os componentes de tal programa em seus estatutos nacionais.<br \/>\nIgualmente, o Conselho de Seguran\u00e7a da Organiza\u00e7\u00e3o das Na\u00e7\u00f5es Unidas, em recorrentes resolu\u00e7\u00f5es, tem encorajado seus Estados-membros a realizarem esfor\u00e7os coordenados, inclusive por meio de coopera\u00e7\u00e3o internacional, no desenvolvimento ou na melhora de suas estrat\u00e9gias para reduzir os riscos \u00e0s infraestruturas cr\u00edticas, com foco na amea\u00e7a de ataques terroristas, incluindo a ado\u00e7\u00e3o de medidas de prepara\u00e7\u00e3o e promo\u00e7\u00e3o da interoperabilidade na seguran\u00e7a.<br \/>\nNo Brasil, o tema teve impulso a partir de 2006, ap\u00f3s os ataques perpetrados por uma organiza\u00e7\u00e3o criminosa a v\u00e1rias instala\u00e7\u00f5es sediadas no Estado de S\u00e3o Paulo. Esses eventos levaram o Governo brasileiro a tomar a iniciativa de identificar quais infraestruturas do Pa\u00eds deveriam ser prioritariamente protegidas, no caso de novas ocorr\u00eancias daquela natureza.<\/p>\n<p><a href=\"https:\/\/www.bibliotecadeseguranca.com.br\/wp-content\/uploads\/2021\/01\/estrategia-nacional-de-seguranca-de-infraestruturas-criticas.pdf\" target=\"_blank\" rel=\"noopener\"><img loading=\"lazy\" decoding=\"async\" class=\"alignleft wp-image-11251 size-full\" src=\"https:\/\/www.bibliotecadeseguranca.com.br\/en\/wp-content\/uploads\/2014\/08\/download.gif\" alt=\"Download\" width=\"89\" height=\"25\" \/><\/a><\/p>\n","protected":false},"excerpt":{"rendered":"<p>Presid\u00eancia da Rep\u00fablica &#8211; Brasil Overview: As infraestruturas de comunica\u00e7\u00f5es, de energia, de transportes, de finan\u00e7as e de \u00e1guas, entre outras, possuem dimens\u00e3o estrat\u00e9gica, uma vez que desempenham papel essencial tanto para a seguran\u00e7a e soberania nacionais, como para a integra\u00e7\u00e3o e o desenvolvimento econ\u00f4mico sustent\u00e1vel do Pa\u00eds. Fatores que prejudiquem o adequado fornecimento dos servi\u00e7os provenientes dessas infraestruturas podem acarretar transtornos e preju\u00edzos ao Estado, \u00e0 sociedade e ao&hellip; <\/p>\n","protected":false},"author":3,"featured_media":17053,"comment_status":"open","ping_status":"closed","sticky":false,"template":"","format":"standard","meta":{"footnotes":""},"categories":[6,112,25],"tags":[],"class_list":["post-17052","post","type-post","status-publish","format-standard","has-post-thumbnail","hentry","category-livros","category-download","category-seguranca-publica-e-defesa"],"views":175,"_links":{"self":[{"href":"https:\/\/www.bibliotecadeseguranca.com.br\/en\/wp-json\/wp\/v2\/posts\/17052","targetHints":{"allow":["GET"]}}],"collection":[{"href":"https:\/\/www.bibliotecadeseguranca.com.br\/en\/wp-json\/wp\/v2\/posts"}],"about":[{"href":"https:\/\/www.bibliotecadeseguranca.com.br\/en\/wp-json\/wp\/v2\/types\/post"}],"author":[{"embeddable":true,"href":"https:\/\/www.bibliotecadeseguranca.com.br\/en\/wp-json\/wp\/v2\/users\/3"}],"replies":[{"embeddable":true,"href":"https:\/\/www.bibliotecadeseguranca.com.br\/en\/wp-json\/wp\/v2\/comments?post=17052"}],"version-history":[{"count":1,"href":"https:\/\/www.bibliotecadeseguranca.com.br\/en\/wp-json\/wp\/v2\/posts\/17052\/revisions"}],"predecessor-version":[{"id":17054,"href":"https:\/\/www.bibliotecadeseguranca.com.br\/en\/wp-json\/wp\/v2\/posts\/17052\/revisions\/17054"}],"wp:featuredmedia":[{"embeddable":true,"href":"https:\/\/www.bibliotecadeseguranca.com.br\/en\/wp-json\/wp\/v2\/media\/17053"}],"wp:attachment":[{"href":"https:\/\/www.bibliotecadeseguranca.com.br\/en\/wp-json\/wp\/v2\/media?parent=17052"}],"wp:term":[{"taxonomy":"category","embeddable":true,"href":"https:\/\/www.bibliotecadeseguranca.com.br\/en\/wp-json\/wp\/v2\/categories?post=17052"},{"taxonomy":"post_tag","embeddable":true,"href":"https:\/\/www.bibliotecadeseguranca.com.br\/en\/wp-json\/wp\/v2\/tags?post=17052"}],"curies":[{"name":"wp","href":"https:\/\/api.w.org\/{rel}","templated":true}]}}