{"id":16994,"date":"2020-12-18T14:00:25","date_gmt":"2020-12-18T17:00:25","guid":{"rendered":"https:\/\/www.bibliotecadeseguranca.com.br\/en\/?p=16994"},"modified":"2020-12-18T13:00:31","modified_gmt":"2020-12-18T16:00:31","slug":"anuario-brasileiro-de-seguranca-publica-2020","status":"publish","type":"post","link":"https:\/\/www.bibliotecadeseguranca.com.br\/en\/livros\/anuario-brasileiro-de-seguranca-publica-2020\/","title":{"rendered":"Anu\u00e1rio Brasileiro de Seguran\u00e7a P\u00fablica &#8211; 2020"},"content":{"rendered":"<p><span style=\"color: #003366;\"><strong><img loading=\"lazy\" decoding=\"async\" class=\"alignleft size-full wp-image-16995\" src=\"https:\/\/www.bibliotecadeseguranca.com.br\/en\/wp-content\/uploads\/2020\/12\/anuario-brasileiro-de-seguranca-publica-2020.jpg\" alt=\"Anu\u00e1rio Brasileiro de Seguran\u00e7a P\u00fablica - 2020\" width=\"145\" height=\"205\" srcset=\"https:\/\/www.bibliotecadeseguranca.com.br\/en\/wp-content\/uploads\/2020\/12\/anuario-brasileiro-de-seguranca-publica-2020.jpg 145w, https:\/\/www.bibliotecadeseguranca.com.br\/en\/wp-content\/uploads\/2020\/12\/anuario-brasileiro-de-seguranca-publica-2020-106x150.jpg 106w\" sizes=\"auto, (max-width: 145px) 100vw, 145px\" \/>F\u00f3rum Brasileiro de Seguran\u00e7a P\u00fablica<\/strong><\/span><\/p>\n<p><span style=\"color: #003366;\"><strong>Overview:<\/strong><\/span> Passados alguns meses muito dif\u00edceis nos quais n\u00f3s, brasileiros e brasileiras, assim como a maior parte da popula\u00e7\u00e3o mundial, vivemos uma rotina muito diferente da sua vida normal, tendo de adotar duras medidas de distanciamento social para evitar a propaga\u00e7\u00e3o do novo coronav\u00edrus, a edi\u00e7\u00e3o 2020 do Anu\u00e1rio faz um balan\u00e7o mais amplo acerca dos impactos da pandemia no crime e na viol\u00eancia no Brasil.<br \/>\nS\u00e3o quest\u00f5es de fundo para a an\u00e1lise: as medidas sanit\u00e1rias contribu\u00edram com aumento da subnotifica\u00e7\u00e3o de alguns crimes? A menor circula\u00e7\u00e3o de pessoas nas cidades reduziu as oportunidades para o cometimento de crimes? Ou ainda: a redu\u00e7\u00e3o ou o crescimento em diversos indicadores criminais representa o aprofundamento de tend\u00eancias j\u00e1 em curso e anteriores \u00e0 2020?<br \/>\nNeste momento ainda \u00e9 dif\u00edcil precisar o que \u00e9 efeito das medidas de distanciamento social e o que n\u00e3o \u00e9. \u00c9 importante, no entanto, um olhar mais atento a cada um dos principais indicadores criminais aqui reunidos e nos atentarmos para as especificidades de cada Unidade da Federa\u00e7\u00e3o (UF) e Regi\u00e3o.<br \/>\nAo olharmos retroativamente para o cen\u00e1rio que efetivamente se desenvolveu, podemos perceber que as previs\u00f5es mais pessimistas n\u00e3o se concretizaram. Por\u00e9m, infelizmente, \u00e9 fato que o Brasil perdeu, entre 2019 e 2020, uma grande oportunidade de transformar a tend\u00eancia de redu\u00e7\u00e3o das mortes violentas intencionais observada entre 2018 e meados de 2019 em algo permanente e que servisse de est\u00edmulo para salvar ainda mais vidas.<br \/>\nO Brasil perdeu-se em m\u00faltiplas narrativas pol\u00edticas em disputa e a popula\u00e7\u00e3o, mais uma vez, est\u00e1 tendo que lidar com os efeitos delet\u00e9rios e perversos de um modelo de seguran\u00e7a p\u00fablica obsoleto e que at\u00e9 hoje n\u00e3o foi palco de grandes reformas, mesmo ap\u00f3s a Constitui\u00e7\u00e3o de 1988.<\/p>\n<p><a href=\"https:\/\/www.bibliotecadeseguranca.com.br\/wp-content\/uploads\/2020\/12\/anuario-brasileiro-de-seguranca-publica-2020.pdf\" target=\"_blank\" rel=\"noopener noreferrer\"><img loading=\"lazy\" decoding=\"async\" class=\"alignleft wp-image-11251 size-full\" src=\"https:\/\/www.bibliotecadeseguranca.com.br\/en\/wp-content\/uploads\/2014\/08\/download.gif\" alt=\"Download\" width=\"89\" height=\"25\" \/><\/a><\/p>\n","protected":false},"excerpt":{"rendered":"<p>F\u00f3rum Brasileiro de Seguran\u00e7a P\u00fablica Overview: Passados alguns meses muito dif\u00edceis nos quais n\u00f3s, brasileiros e brasileiras, assim como a maior parte da popula\u00e7\u00e3o mundial, vivemos uma rotina muito diferente da sua vida normal, tendo de adotar duras medidas de distanciamento social para evitar a propaga\u00e7\u00e3o do novo coronav\u00edrus, a edi\u00e7\u00e3o 2020 do Anu\u00e1rio faz um balan\u00e7o mais amplo acerca dos impactos da pandemia no crime e na viol\u00eancia no&hellip; <\/p>\n","protected":false},"author":3,"featured_media":16995,"comment_status":"open","ping_status":"closed","sticky":false,"template":"","format":"standard","meta":{"footnotes":""},"categories":[6,112,25],"tags":[],"class_list":["post-16994","post","type-post","status-publish","format-standard","has-post-thumbnail","hentry","category-livros","category-download","category-seguranca-publica-e-defesa"],"views":259,"_links":{"self":[{"href":"https:\/\/www.bibliotecadeseguranca.com.br\/en\/wp-json\/wp\/v2\/posts\/16994","targetHints":{"allow":["GET"]}}],"collection":[{"href":"https:\/\/www.bibliotecadeseguranca.com.br\/en\/wp-json\/wp\/v2\/posts"}],"about":[{"href":"https:\/\/www.bibliotecadeseguranca.com.br\/en\/wp-json\/wp\/v2\/types\/post"}],"author":[{"embeddable":true,"href":"https:\/\/www.bibliotecadeseguranca.com.br\/en\/wp-json\/wp\/v2\/users\/3"}],"replies":[{"embeddable":true,"href":"https:\/\/www.bibliotecadeseguranca.com.br\/en\/wp-json\/wp\/v2\/comments?post=16994"}],"version-history":[{"count":1,"href":"https:\/\/www.bibliotecadeseguranca.com.br\/en\/wp-json\/wp\/v2\/posts\/16994\/revisions"}],"predecessor-version":[{"id":16996,"href":"https:\/\/www.bibliotecadeseguranca.com.br\/en\/wp-json\/wp\/v2\/posts\/16994\/revisions\/16996"}],"wp:featuredmedia":[{"embeddable":true,"href":"https:\/\/www.bibliotecadeseguranca.com.br\/en\/wp-json\/wp\/v2\/media\/16995"}],"wp:attachment":[{"href":"https:\/\/www.bibliotecadeseguranca.com.br\/en\/wp-json\/wp\/v2\/media?parent=16994"}],"wp:term":[{"taxonomy":"category","embeddable":true,"href":"https:\/\/www.bibliotecadeseguranca.com.br\/en\/wp-json\/wp\/v2\/categories?post=16994"},{"taxonomy":"post_tag","embeddable":true,"href":"https:\/\/www.bibliotecadeseguranca.com.br\/en\/wp-json\/wp\/v2\/tags?post=16994"}],"curies":[{"name":"wp","href":"https:\/\/api.w.org\/{rel}","templated":true}]}}