{"id":16943,"date":"2020-11-27T14:00:00","date_gmt":"2020-11-27T17:00:00","guid":{"rendered":"https:\/\/www.bibliotecadeseguranca.com.br\/en\/?p=16943"},"modified":"2020-11-27T13:21:41","modified_gmt":"2020-11-27T16:21:41","slug":"politicas-de-defesa-inteligencia-e-seguranca","status":"publish","type":"post","link":"https:\/\/www.bibliotecadeseguranca.com.br\/en\/livros\/politicas-de-defesa-inteligencia-e-seguranca\/","title":{"rendered":"Pol\u00edticas de Defesa, Intelig\u00eancia e Seguran\u00e7a"},"content":{"rendered":"<p><span style=\"color: #003366;\"><strong><img loading=\"lazy\" decoding=\"async\" class=\"alignleft size-full wp-image-16944\" src=\"https:\/\/www.bibliotecadeseguranca.com.br\/en\/wp-content\/uploads\/2020\/11\/politicas-de-defesa-inteligencia-e-seguranca.jpg\" alt=\"Pol\u00edticas de Defesa, Intelig\u00eancia e Seguran\u00e7a\" width=\"145\" height=\"205\" srcset=\"https:\/\/www.bibliotecadeseguranca.com.br\/en\/wp-content\/uploads\/2020\/11\/politicas-de-defesa-inteligencia-e-seguranca.jpg 145w, https:\/\/www.bibliotecadeseguranca.com.br\/en\/wp-content\/uploads\/2020\/11\/politicas-de-defesa-inteligencia-e-seguranca-106x150.jpg 106w\" sizes=\"auto, (max-width: 145px) 100vw, 145px\" \/>Carlos Schmidt Arturi, organizador<\/strong><\/span><\/p>\n<p><span style=\"color: #003366;\"><strong>Publisher UFRGS<\/strong><\/span><\/p>\n<p><span style=\"color: #003366;\"><strong>Overview:<\/strong><\/span> Nas \u00faltimas tr\u00eas d\u00e9cadas, o campo de estudo de defesa e seguran\u00e7a no Brasil tem se ampliado e se aprofundado de uma maneira quase inimagin\u00e1vel. A partir de um pequeno grupo de estudiosos, localizados principalmente no eixo Rio-S\u00e3o Paulo (e Campinas), esta comunidade epist\u00eamica tem crescido vertiginosamente, expandindo-se para todos os recantos do pa\u00eds. Essa expans\u00e3o foi impulsionada por numerosas for\u00e7as no centro (agora S\u00e3o Paulo, Rio de Janeiro, e Bras\u00edlia), e acelerada pela cria\u00e7\u00e3o de novas universidades, como a da Universidade Federal do Amap\u00e1.<br \/>\nUma medida do crescimento desta comunidade epist\u00eamica tem sido o surgimento da Associa\u00e7\u00e3o Brasileira de Estudos de Defesa (ABED), que re\u00fane centenas de membros para confer\u00eancias anuais em diversas cidades. Os membros da ABED v\u00eam de todos os setores \u2013 militar, civil, p\u00fablico e privado \u2013 e incluem jovens e idosos, homens e mulheres. Uma nova gera\u00e7\u00e3o est\u00e1 surgindo, com maior acesso a estudos de p\u00f3s-gradua\u00e7\u00e3o e com um aumento de oportunidades para contribuir para o nosso conhecimento de defesa e seguran\u00e7a. O Minist\u00e9rio da Defesa do Brasil acaba de lan\u00e7ar v\u00e1rios programas para incentivar ainda mais este crescimento.<\/p>\n<p><a href=\"https:\/\/www.bibliotecadeseguranca.com.br\/wp-content\/uploads\/2020\/11\/politicas-de-defesa-inteligencia-e-seguranca.pdf\" target=\"_blank\" rel=\"noopener noreferrer\"><img loading=\"lazy\" decoding=\"async\" class=\"alignleft wp-image-11251 size-full\" src=\"https:\/\/www.bibliotecadeseguranca.com.br\/en\/wp-content\/uploads\/2014\/08\/download.gif\" alt=\"Download\" width=\"89\" height=\"25\" \/><\/a><\/p>\n","protected":false},"excerpt":{"rendered":"<p>Carlos Schmidt Arturi, organizador Publisher UFRGS Overview: Nas \u00faltimas tr\u00eas d\u00e9cadas, o campo de estudo de defesa e seguran\u00e7a no Brasil tem se ampliado e se aprofundado de uma maneira quase inimagin\u00e1vel. A partir de um pequeno grupo de estudiosos, localizados principalmente no eixo Rio-S\u00e3o Paulo (e Campinas), esta comunidade epist\u00eamica tem crescido vertiginosamente, expandindo-se para todos os recantos do pa\u00eds. Essa expans\u00e3o foi impulsionada por numerosas for\u00e7as no centro&hellip; <\/p>\n","protected":false},"author":3,"featured_media":16944,"comment_status":"open","ping_status":"closed","sticky":false,"template":"","format":"standard","meta":{"footnotes":""},"categories":[6,112,25],"tags":[],"class_list":["post-16943","post","type-post","status-publish","format-standard","has-post-thumbnail","hentry","category-livros","category-download","category-seguranca-publica-e-defesa"],"views":203,"_links":{"self":[{"href":"https:\/\/www.bibliotecadeseguranca.com.br\/en\/wp-json\/wp\/v2\/posts\/16943","targetHints":{"allow":["GET"]}}],"collection":[{"href":"https:\/\/www.bibliotecadeseguranca.com.br\/en\/wp-json\/wp\/v2\/posts"}],"about":[{"href":"https:\/\/www.bibliotecadeseguranca.com.br\/en\/wp-json\/wp\/v2\/types\/post"}],"author":[{"embeddable":true,"href":"https:\/\/www.bibliotecadeseguranca.com.br\/en\/wp-json\/wp\/v2\/users\/3"}],"replies":[{"embeddable":true,"href":"https:\/\/www.bibliotecadeseguranca.com.br\/en\/wp-json\/wp\/v2\/comments?post=16943"}],"version-history":[{"count":1,"href":"https:\/\/www.bibliotecadeseguranca.com.br\/en\/wp-json\/wp\/v2\/posts\/16943\/revisions"}],"predecessor-version":[{"id":16945,"href":"https:\/\/www.bibliotecadeseguranca.com.br\/en\/wp-json\/wp\/v2\/posts\/16943\/revisions\/16945"}],"wp:featuredmedia":[{"embeddable":true,"href":"https:\/\/www.bibliotecadeseguranca.com.br\/en\/wp-json\/wp\/v2\/media\/16944"}],"wp:attachment":[{"href":"https:\/\/www.bibliotecadeseguranca.com.br\/en\/wp-json\/wp\/v2\/media?parent=16943"}],"wp:term":[{"taxonomy":"category","embeddable":true,"href":"https:\/\/www.bibliotecadeseguranca.com.br\/en\/wp-json\/wp\/v2\/categories?post=16943"},{"taxonomy":"post_tag","embeddable":true,"href":"https:\/\/www.bibliotecadeseguranca.com.br\/en\/wp-json\/wp\/v2\/tags?post=16943"}],"curies":[{"name":"wp","href":"https:\/\/api.w.org\/{rel}","templated":true}]}}