{"id":16885,"date":"2020-11-03T14:00:08","date_gmt":"2020-11-03T17:00:08","guid":{"rendered":"https:\/\/www.bibliotecadeseguranca.com.br\/en\/?p=16885"},"modified":"2020-11-03T11:57:25","modified_gmt":"2020-11-03T14:57:25","slug":"pensando-a-seguranca-publica","status":"publish","type":"post","link":"https:\/\/www.bibliotecadeseguranca.com.br\/en\/livros\/pensando-a-seguranca-publica\/","title":{"rendered":"Pensando a Seguran\u00e7a P\u00fablica"},"content":{"rendered":"<p><span style=\"color: #003366;\"><strong><img loading=\"lazy\" decoding=\"async\" class=\"alignleft size-full wp-image-16886\" src=\"https:\/\/www.bibliotecadeseguranca.com.br\/en\/wp-content\/uploads\/2020\/11\/pensando-a-seguranca-publica.jpg\" alt=\"Pensando a Seguran\u00e7a P\u00fablica\" width=\"145\" height=\"205\" srcset=\"https:\/\/www.bibliotecadeseguranca.com.br\/en\/wp-content\/uploads\/2020\/11\/pensando-a-seguranca-publica.jpg 145w, https:\/\/www.bibliotecadeseguranca.com.br\/en\/wp-content\/uploads\/2020\/11\/pensando-a-seguranca-publica-106x150.jpg 106w\" sizes=\"auto, (max-width: 145px) 100vw, 145px\" \/>Minist\u00e9rio da Justi\u00e7a e Cidadania &#8211; Secretaria Nacional de Seguran\u00e7a P\u00fablica<\/strong><\/span><\/p>\n<p><span style=\"color: #003366;\"><strong>Ana Carolina Cambeses Pareschi, C\u00edntia Liara Engel, Gustavo Camilo Baptista e Alex Jorge das Neves<\/strong><\/span><\/p>\n<p><span style=\"color: #003366;\"><strong>Sinopse:<\/strong><\/span> O objetivo deste artigo \u00e9 apresentar como o fen\u00f4meno dos homic\u00eddios \u00e9 compreendido em tr\u00eas munic\u00edpios localizados em regi\u00f5es diferentes do pa\u00eds e o processo de investiga\u00e7\u00e3o das ocorr\u00eancias registradas em 2012. Os resultados apurados para Serra (ES), Lauro de Freitas (BA) e Alvorada (RS) revelam semelhan\u00e7as entre os perfis de vitimiza\u00e7\u00e3o e circunst\u00e2ncias das ocorr\u00eancias quando avaliados todos os registros de homic\u00eddios. Predominam v\u00edtimas do sexo masculino, jovens, assassinatos cometidos com uso de arma de fogo, com pouca informa\u00e7\u00e3o sobre a motiva\u00e7\u00e3o ou circunst\u00e2ncia da morte no primeiro registro policial. O percentual de identifica\u00e7\u00e3o de autoria dos inqu\u00e9ritos instaurados para investigar esses homic\u00eddios situa-se entre 30% e 45%. Os procedimentos de investiga\u00e7\u00e3o foram analisados com base na identifica\u00e7\u00e3o dos fluxos de registro e atendimento aos casos de homic\u00eddios e na an\u00e1lise de uma amostra de inqu\u00e9ritos que tramitaram em cada cidade.<br \/>\nOs munic\u00edpios apresentam formatos e rotinas variados em decorr\u00eancia das caracter\u00edsticas dos homic\u00eddios, do relacionamento entre as institui\u00e7\u00f5es que participam das investiga\u00e7\u00f5es e do perfil dos profissionais alocados. A autoria dos casos \u00e9 geralmente identificada com provas testemunhais e, mesmo havendo um esfor\u00e7o por parte da Pol\u00edcia e do Minist\u00e9rio P\u00fablico em complement\u00e1-las com provas t\u00e9cnicas periciais, ainda h\u00e1 limites na atua\u00e7\u00e3o e contribui\u00e7\u00e3o das per\u00edcias.<\/p>\n<p><a href=\"https:\/\/www.bibliotecadeseguranca.com.br\/wp-content\/uploads\/2020\/11\/pensando-a-seguranca-publica.pdf\" target=\"_blank\" rel=\"noopener noreferrer\"><img loading=\"lazy\" decoding=\"async\" class=\"alignleft wp-image-11251 size-full\" src=\"https:\/\/www.bibliotecadeseguranca.com.br\/en\/wp-content\/uploads\/2014\/08\/download.gif\" alt=\"Download\" width=\"89\" height=\"25\" \/><\/a><\/p>\n","protected":false},"excerpt":{"rendered":"<p>Minist\u00e9rio da Justi\u00e7a e Cidadania &#8211; Secretaria Nacional de Seguran\u00e7a P\u00fablica Ana Carolina Cambeses Pareschi, C\u00edntia Liara Engel, Gustavo Camilo Baptista e Alex Jorge das Neves Sinopse: O objetivo deste artigo \u00e9 apresentar como o fen\u00f4meno dos homic\u00eddios \u00e9 compreendido em tr\u00eas munic\u00edpios localizados em regi\u00f5es diferentes do pa\u00eds e o processo de investiga\u00e7\u00e3o das ocorr\u00eancias registradas em 2012. Os resultados apurados para Serra (ES), Lauro de Freitas (BA) e&hellip; <\/p>\n","protected":false},"author":3,"featured_media":16886,"comment_status":"open","ping_status":"closed","sticky":false,"template":"","format":"standard","meta":{"footnotes":""},"categories":[6,112,25],"tags":[],"class_list":["post-16885","post","type-post","status-publish","format-standard","has-post-thumbnail","hentry","category-livros","category-download","category-seguranca-publica-e-defesa"],"views":245,"_links":{"self":[{"href":"https:\/\/www.bibliotecadeseguranca.com.br\/en\/wp-json\/wp\/v2\/posts\/16885","targetHints":{"allow":["GET"]}}],"collection":[{"href":"https:\/\/www.bibliotecadeseguranca.com.br\/en\/wp-json\/wp\/v2\/posts"}],"about":[{"href":"https:\/\/www.bibliotecadeseguranca.com.br\/en\/wp-json\/wp\/v2\/types\/post"}],"author":[{"embeddable":true,"href":"https:\/\/www.bibliotecadeseguranca.com.br\/en\/wp-json\/wp\/v2\/users\/3"}],"replies":[{"embeddable":true,"href":"https:\/\/www.bibliotecadeseguranca.com.br\/en\/wp-json\/wp\/v2\/comments?post=16885"}],"version-history":[{"count":1,"href":"https:\/\/www.bibliotecadeseguranca.com.br\/en\/wp-json\/wp\/v2\/posts\/16885\/revisions"}],"predecessor-version":[{"id":16887,"href":"https:\/\/www.bibliotecadeseguranca.com.br\/en\/wp-json\/wp\/v2\/posts\/16885\/revisions\/16887"}],"wp:featuredmedia":[{"embeddable":true,"href":"https:\/\/www.bibliotecadeseguranca.com.br\/en\/wp-json\/wp\/v2\/media\/16886"}],"wp:attachment":[{"href":"https:\/\/www.bibliotecadeseguranca.com.br\/en\/wp-json\/wp\/v2\/media?parent=16885"}],"wp:term":[{"taxonomy":"category","embeddable":true,"href":"https:\/\/www.bibliotecadeseguranca.com.br\/en\/wp-json\/wp\/v2\/categories?post=16885"},{"taxonomy":"post_tag","embeddable":true,"href":"https:\/\/www.bibliotecadeseguranca.com.br\/en\/wp-json\/wp\/v2\/tags?post=16885"}],"curies":[{"name":"wp","href":"https:\/\/api.w.org\/{rel}","templated":true}]}}