{"id":16859,"date":"2020-10-23T14:00:27","date_gmt":"2020-10-23T17:00:27","guid":{"rendered":"https:\/\/www.bibliotecadeseguranca.com.br\/en\/?p=16859"},"modified":"2020-10-23T13:06:36","modified_gmt":"2020-10-23T16:06:36","slug":"enjeux-de-la-gestion-de-crise","status":"publish","type":"post","link":"https:\/\/www.bibliotecadeseguranca.com.br\/en\/livros\/enjeux-de-la-gestion-de-crise\/","title":{"rendered":"Enjeux de la gestion de crise"},"content":{"rendered":"<p><span style=\"color: #003366;\"><strong><img loading=\"lazy\" decoding=\"async\" class=\"alignleft size-full wp-image-16860\" src=\"https:\/\/www.bibliotecadeseguranca.com.br\/en\/wp-content\/uploads\/2020\/10\/enjeux-de-la-gestion-de-crise.jpg\" alt=\"Enjeux de la gestion de crise\" width=\"145\" height=\"205\" srcset=\"https:\/\/www.bibliotecadeseguranca.com.br\/en\/wp-content\/uploads\/2020\/10\/enjeux-de-la-gestion-de-crise.jpg 145w, https:\/\/www.bibliotecadeseguranca.com.br\/en\/wp-content\/uploads\/2020\/10\/enjeux-de-la-gestion-de-crise-106x150.jpg 106w\" sizes=\"auto, (max-width: 145px) 100vw, 145px\" \/>Bryan Phan Van Xuan<\/strong><\/span><\/p>\n<p><span style=\"color: #003366;\"><strong>Overview:<\/strong><\/span> Explosion de l\u2019usine AZF, Danone et la crise Lu, la crise des subprimes, la mort de Steve Jobs et la perte du moteur d\u2019Apple, la pr\u00e9sence de viande de cheval dans des plats pr\u00e9par\u00e9s \u00e0 base de b\u0153uf, la fermeture de l\u2019usine PSA d\u2019Aulnay, le naufrage du Costa Concordia, l\u2019\u00e9tat de catastrophe naturelle sur 150 communes en 2013 et 2014, l\u2019arriv\u00e9e de Free sur le march\u00e9 de la t\u00e9l\u00e9phonie avec une offre low-cost&#8230;<br \/>\nAu cours des derni\u00e8res ann\u00e9es, les crises se sont multipli\u00e9es du fait de nouvelles formes de travail, de progr\u00e8s technologiques, d\u2019une \u00e9volution de la conscience et donc des attentes des consommateurs\u2026 de nombreux facteurs ont ainsi fragilis\u00e9 les entreprises et le monde dans lequel nous sommes amen\u00e9s \u00e0 \u00e9voluer.<br \/>\nCes situations de crises touchent peu \u00e0 peu toutes les organisations et supposent une remise en question de chaque structure. Qu\u2019est-ce qu\u2019une crise pour mon entreprise ? D\u2019o\u00f9 provient-elle ? Signifie-t-elle la fin de mon activit\u00e9 ou suis-je en mesure d\u2019y r\u00e9sister ?<br \/>\nTerme m\u00e9diatis\u00e9, la crise est g\u00e9n\u00e9ratrice de stress, tant pour les entreprises que pour leurs collaborateurs. Est-il possible de m\u2019y pr\u00e9parer, d\u2019impliquer mes collaborateurs dans le processus ?<br \/>\nAutant de questions que se posent les dirigeants et managers en situation d\u2019incertitude.<br \/>\nOr, une crise peut intervenir \u00e0 tout moment et l\u2019entreprise doit \u00eatre en mesure de r\u00e9agir tr\u00e8s rapidement. Sa capacit\u00e9 \u00e0 r\u00e9agir et l\u2019efficacit\u00e9 de son action r\u00e9sultent de son niveau de pr\u00e9paration. Il est donc indispensable pour une entreprise d\u2019identifier en amont ses vuln\u00e9rabilit\u00e9s ainsi que les menaces qui y sont associ\u00e9es. Elle doit \u00e9galement savoir comment r\u00e9agir le moment venu en mettant en place un certain nombre de proc\u00e9dures.<br \/>\nAussi, d\u00e8s l\u2019apparition d\u2019un dysfonctionnement, d\u2019un \u00e9l\u00e9ment perturbateur, ce sont toutes les ressources de l\u2019entreprise qui doivent \u00eatre imm\u00e9diatement mobilis\u00e9es afin d\u2019en anticiper l\u2019\u00e9volution n\u00e9gative.<\/p>\n<p><a href=\"https:\/\/www.bibliotecadeseguranca.com.br\/wp-content\/uploads\/2020\/10\/enjeux-de-la-gestion-de-crise.pdf\" target=\"_blank\" rel=\"noopener noreferrer\"><img loading=\"lazy\" decoding=\"async\" class=\"alignleft wp-image-11251 size-full\" src=\"https:\/\/www.bibliotecadeseguranca.com.br\/en\/wp-content\/uploads\/2014\/08\/download.gif\" alt=\"Download\" width=\"89\" height=\"25\" \/><\/a><\/p>\n","protected":false},"excerpt":{"rendered":"<p>Bryan Phan Van Xuan Overview: Explosion de l\u2019usine AZF, Danone et la crise Lu, la crise des subprimes, la mort de Steve Jobs et la perte du moteur d\u2019Apple, la pr\u00e9sence de viande de cheval dans des plats pr\u00e9par\u00e9s \u00e0 base de b\u0153uf, la fermeture de l\u2019usine PSA d\u2019Aulnay, le naufrage du Costa Concordia, l\u2019\u00e9tat de catastrophe naturelle sur 150 communes en 2013 et 2014, l\u2019arriv\u00e9e de Free sur le&hellip; <\/p>\n","protected":false},"author":3,"featured_media":16860,"comment_status":"open","ping_status":"closed","sticky":false,"template":"","format":"standard","meta":{"footnotes":""},"categories":[92,14,6,112,109],"tags":[],"class_list":["post-16859","post","type-post","status-publish","format-standard","has-post-thumbnail","hentry","category-trabalho-academico","category-administracao-e-estrategia-empresarial","category-livros","category-download","category-francais"],"views":425,"_links":{"self":[{"href":"https:\/\/www.bibliotecadeseguranca.com.br\/en\/wp-json\/wp\/v2\/posts\/16859","targetHints":{"allow":["GET"]}}],"collection":[{"href":"https:\/\/www.bibliotecadeseguranca.com.br\/en\/wp-json\/wp\/v2\/posts"}],"about":[{"href":"https:\/\/www.bibliotecadeseguranca.com.br\/en\/wp-json\/wp\/v2\/types\/post"}],"author":[{"embeddable":true,"href":"https:\/\/www.bibliotecadeseguranca.com.br\/en\/wp-json\/wp\/v2\/users\/3"}],"replies":[{"embeddable":true,"href":"https:\/\/www.bibliotecadeseguranca.com.br\/en\/wp-json\/wp\/v2\/comments?post=16859"}],"version-history":[{"count":1,"href":"https:\/\/www.bibliotecadeseguranca.com.br\/en\/wp-json\/wp\/v2\/posts\/16859\/revisions"}],"predecessor-version":[{"id":16861,"href":"https:\/\/www.bibliotecadeseguranca.com.br\/en\/wp-json\/wp\/v2\/posts\/16859\/revisions\/16861"}],"wp:featuredmedia":[{"embeddable":true,"href":"https:\/\/www.bibliotecadeseguranca.com.br\/en\/wp-json\/wp\/v2\/media\/16860"}],"wp:attachment":[{"href":"https:\/\/www.bibliotecadeseguranca.com.br\/en\/wp-json\/wp\/v2\/media?parent=16859"}],"wp:term":[{"taxonomy":"category","embeddable":true,"href":"https:\/\/www.bibliotecadeseguranca.com.br\/en\/wp-json\/wp\/v2\/categories?post=16859"},{"taxonomy":"post_tag","embeddable":true,"href":"https:\/\/www.bibliotecadeseguranca.com.br\/en\/wp-json\/wp\/v2\/tags?post=16859"}],"curies":[{"name":"wp","href":"https:\/\/api.w.org\/{rel}","templated":true}]}}