{"id":16811,"date":"2020-10-02T14:00:10","date_gmt":"2020-10-02T17:00:10","guid":{"rendered":"https:\/\/www.bibliotecadeseguranca.com.br\/en\/?p=16811"},"modified":"2020-10-02T12:21:31","modified_gmt":"2020-10-02T15:21:31","slug":"o-que-fazer-diante-de-um-incidente-de-seguranca-em-dados-pessoais","status":"publish","type":"post","link":"https:\/\/www.bibliotecadeseguranca.com.br\/en\/livros\/o-que-fazer-diante-de-um-incidente-de-seguranca-em-dados-pessoais\/","title":{"rendered":"O que Fazer Diante de um Incidente de Seguran\u00e7a em Dados Pessoais?"},"content":{"rendered":"<p><span style=\"color: #003366;\"><strong><img loading=\"lazy\" decoding=\"async\" class=\"alignleft size-full wp-image-16812\" src=\"https:\/\/www.bibliotecadeseguranca.com.br\/en\/wp-content\/uploads\/2020\/10\/o-que-fazer-diante-de-um-incidente-de-seguranca-em-dados-pessoais.jpg\" alt=\"O que Fazer Diante de um Incidente de Seguran\u00e7a em Dados Pessoais?\" width=\"145\" height=\"205\" srcset=\"https:\/\/www.bibliotecadeseguranca.com.br\/en\/wp-content\/uploads\/2020\/10\/o-que-fazer-diante-de-um-incidente-de-seguranca-em-dados-pessoais.jpg 145w, https:\/\/www.bibliotecadeseguranca.com.br\/en\/wp-content\/uploads\/2020\/10\/o-que-fazer-diante-de-um-incidente-de-seguranca-em-dados-pessoais-106x150.jpg 106w\" sizes=\"auto, (max-width: 145px) 100vw, 145px\" \/>Vin\u00edcius Pena dos Santos, Danyella Nunes de Souza Marques<\/strong><\/span><\/p>\n<p><span style=\"color: #003366;\"><strong>Overview:<\/strong><\/span> H\u00e1 alguns anos, os ataques e mais variadas pr\u00e1ticas il\u00edcitas cometidas pela internet crescem consider\u00e1vel e constantemente. No entanto, a pandemia da Covid-19 e o consequente isolamento social que impulsionou ou propiciou que in\u00fameras organiza\u00e7\u00f5es implementassem o trabalho remoto pela primeira vez possibilitaram que o fen\u00f4meno social se expandisse. Diante da nova realidade, pessoas malintencionadas, infelizmente, se aproveitam da maior vulnerabilidade das redes para intensificar suas atividades.<br \/>\nA preocupa\u00e7\u00e3o em seguran\u00e7a da informa\u00e7\u00e3o e programas de governan\u00e7a justificadamente tamb\u00e9m aumentaram. No entanto, mesmo com a ado\u00e7\u00e3o de in\u00fameras medidas preventivas cab\u00edveis, \u00e9 poss\u00edvel qualquer organiza\u00e7\u00e3o, seja ela estatal ou n\u00e3o, continue exposta a um incidente de seguran\u00e7a em dados pessoais. Como agir ent\u00e3o?<\/p>\n<p><span style=\"color: #003366;\"><strong>Afinal, o que \u00e9 um incidente de seguran\u00e7a para a LGPD?<\/strong><\/span><\/p>\n<p>Para fins legais, o incidente de seguran\u00e7a \u00e9 o \u201co acontecimento indesejado ou inesperado que seja h\u00e1bil a comprometer a seguran\u00e7a dos dados pessoais, de modo a exp\u00f4-los a acessos n\u00e3o autorizados e a situa\u00e7\u00f5es acidentais ou il\u00edcitas de destrui\u00e7\u00e3o, perda, altera\u00e7\u00e3o, comunica\u00e7\u00e3o ou qualquer forma de tratamento inadequado ou il\u00edcito\u201d (JIMENE; TAMER, 2020).<br \/>\nSob tal perspectiva, pode-se dizer que um plano de resposta a incidentes de seguran\u00e7a deve ser voltado a lidar com qualquer situa\u00e7\u00e3o que exponha os dados pessoais \u00e0s situa\u00e7\u00f5es acima descritas e integrantes de tal conceito.<\/p>\n<p><a href=\"https:\/\/www.bibliotecadeseguranca.com.br\/wp-content\/uploads\/2020\/10\/o-que-fazer-diante-de-um-incidente-de-seguranca-em-dados-pessoais.pdf\" target=\"_blank\" rel=\"noopener noreferrer\"><img loading=\"lazy\" decoding=\"async\" class=\"alignleft wp-image-11251 size-full\" src=\"https:\/\/www.bibliotecadeseguranca.com.br\/en\/wp-content\/uploads\/2014\/08\/download.gif\" alt=\"Download\" width=\"89\" height=\"25\" \/><\/a><\/p>\n","protected":false},"excerpt":{"rendered":"<p>Vin\u00edcius Pena dos Santos, Danyella Nunes de Souza Marques Overview: H\u00e1 alguns anos, os ataques e mais variadas pr\u00e1ticas il\u00edcitas cometidas pela internet crescem consider\u00e1vel e constantemente. No entanto, a pandemia da Covid-19 e o consequente isolamento social que impulsionou ou propiciou que in\u00fameras organiza\u00e7\u00f5es implementassem o trabalho remoto pela primeira vez possibilitaram que o fen\u00f4meno social se expandisse. Diante da nova realidade, pessoas malintencionadas, infelizmente, se aproveitam da maior&hellip; <\/p>\n","protected":false},"author":3,"featured_media":16812,"comment_status":"open","ping_status":"closed","sticky":false,"template":"","format":"standard","meta":{"footnotes":""},"categories":[6,112,20],"tags":[],"class_list":["post-16811","post","type-post","status-publish","format-standard","has-post-thumbnail","hentry","category-livros","category-download","category-seguranca-da-informacao"],"views":202,"_links":{"self":[{"href":"https:\/\/www.bibliotecadeseguranca.com.br\/en\/wp-json\/wp\/v2\/posts\/16811","targetHints":{"allow":["GET"]}}],"collection":[{"href":"https:\/\/www.bibliotecadeseguranca.com.br\/en\/wp-json\/wp\/v2\/posts"}],"about":[{"href":"https:\/\/www.bibliotecadeseguranca.com.br\/en\/wp-json\/wp\/v2\/types\/post"}],"author":[{"embeddable":true,"href":"https:\/\/www.bibliotecadeseguranca.com.br\/en\/wp-json\/wp\/v2\/users\/3"}],"replies":[{"embeddable":true,"href":"https:\/\/www.bibliotecadeseguranca.com.br\/en\/wp-json\/wp\/v2\/comments?post=16811"}],"version-history":[{"count":1,"href":"https:\/\/www.bibliotecadeseguranca.com.br\/en\/wp-json\/wp\/v2\/posts\/16811\/revisions"}],"predecessor-version":[{"id":16813,"href":"https:\/\/www.bibliotecadeseguranca.com.br\/en\/wp-json\/wp\/v2\/posts\/16811\/revisions\/16813"}],"wp:featuredmedia":[{"embeddable":true,"href":"https:\/\/www.bibliotecadeseguranca.com.br\/en\/wp-json\/wp\/v2\/media\/16812"}],"wp:attachment":[{"href":"https:\/\/www.bibliotecadeseguranca.com.br\/en\/wp-json\/wp\/v2\/media?parent=16811"}],"wp:term":[{"taxonomy":"category","embeddable":true,"href":"https:\/\/www.bibliotecadeseguranca.com.br\/en\/wp-json\/wp\/v2\/categories?post=16811"},{"taxonomy":"post_tag","embeddable":true,"href":"https:\/\/www.bibliotecadeseguranca.com.br\/en\/wp-json\/wp\/v2\/tags?post=16811"}],"curies":[{"name":"wp","href":"https:\/\/api.w.org\/{rel}","templated":true}]}}