{"id":16798,"date":"2020-09-27T18:00:53","date_gmt":"2020-09-27T21:00:53","guid":{"rendered":"https:\/\/www.bibliotecadeseguranca.com.br\/en\/?p=16798"},"modified":"2020-09-27T17:10:40","modified_gmt":"2020-09-27T20:10:40","slug":"avaliacao-de-riscos-de-seguranca-corporativa-em-tempos-de-deslocamentos-restritos-e-pandemia","status":"publish","type":"post","link":"https:\/\/www.bibliotecadeseguranca.com.br\/en\/videos\/avaliacao-de-riscos-de-seguranca-corporativa-em-tempos-de-deslocamentos-restritos-e-pandemia\/","title":{"rendered":"Avalia\u00e7\u00e3o de Riscos de Seguran\u00e7a Corporativa em Tempos de Deslocamentos Restritos e Pandemia"},"content":{"rendered":"<p><iframe loading=\"lazy\" title=\"Avalia\u00e7\u00e3o de Riscos de Seguran\u00e7a Corporativa em Tempos de Deslocamentos Restritos e Pandemia\" width=\"677\" height=\"381\" src=\"https:\/\/www.youtube.com\/embed\/KYM8JOwI0H4?feature=oembed\" frameborder=\"0\" allow=\"accelerometer; autoplay; clipboard-write; encrypted-media; gyroscope; picture-in-picture\" allowfullscreen><\/iframe><\/p>\n","protected":false},"excerpt":{"rendered":"","protected":false},"author":3,"featured_media":16799,"comment_status":"open","ping_status":"closed","sticky":false,"template":"","format":"standard","meta":{"footnotes":""},"categories":[98,113,105,28],"tags":[],"class_list":["post-16798","post","type-post","status-publish","format-standard","has-post-thumbnail","hentry","category-seguranca-patrimonial-e-privada-videos","category-gestao-de-risco","category-gestao-da-seguranca-videos","category-videos"],"views":199,"_links":{"self":[{"href":"https:\/\/www.bibliotecadeseguranca.com.br\/en\/wp-json\/wp\/v2\/posts\/16798","targetHints":{"allow":["GET"]}}],"collection":[{"href":"https:\/\/www.bibliotecadeseguranca.com.br\/en\/wp-json\/wp\/v2\/posts"}],"about":[{"href":"https:\/\/www.bibliotecadeseguranca.com.br\/en\/wp-json\/wp\/v2\/types\/post"}],"author":[{"embeddable":true,"href":"https:\/\/www.bibliotecadeseguranca.com.br\/en\/wp-json\/wp\/v2\/users\/3"}],"replies":[{"embeddable":true,"href":"https:\/\/www.bibliotecadeseguranca.com.br\/en\/wp-json\/wp\/v2\/comments?post=16798"}],"version-history":[{"count":1,"href":"https:\/\/www.bibliotecadeseguranca.com.br\/en\/wp-json\/wp\/v2\/posts\/16798\/revisions"}],"predecessor-version":[{"id":16800,"href":"https:\/\/www.bibliotecadeseguranca.com.br\/en\/wp-json\/wp\/v2\/posts\/16798\/revisions\/16800"}],"wp:featuredmedia":[{"embeddable":true,"href":"https:\/\/www.bibliotecadeseguranca.com.br\/en\/wp-json\/wp\/v2\/media\/16799"}],"wp:attachment":[{"href":"https:\/\/www.bibliotecadeseguranca.com.br\/en\/wp-json\/wp\/v2\/media?parent=16798"}],"wp:term":[{"taxonomy":"category","embeddable":true,"href":"https:\/\/www.bibliotecadeseguranca.com.br\/en\/wp-json\/wp\/v2\/categories?post=16798"},{"taxonomy":"post_tag","embeddable":true,"href":"https:\/\/www.bibliotecadeseguranca.com.br\/en\/wp-json\/wp\/v2\/tags?post=16798"}],"curies":[{"name":"wp","href":"https:\/\/api.w.org\/{rel}","templated":true}]}}