{"id":16615,"date":"2020-07-09T14:00:57","date_gmt":"2020-07-09T17:00:57","guid":{"rendered":"https:\/\/www.bibliotecadeseguranca.com.br\/en\/?p=16615"},"modified":"2020-07-09T08:43:06","modified_gmt":"2020-07-09T11:43:06","slug":"prevention-des-risques-en-deplacement-professionnel","status":"publish","type":"post","link":"https:\/\/www.bibliotecadeseguranca.com.br\/en\/livros\/prevention-des-risques-en-deplacement-professionnel\/","title":{"rendered":"Pr\u00e9vention des Risques en D\u00e9placement Professionnel"},"content":{"rendered":"<p><span style=\"color: #003366;\"><strong><img loading=\"lazy\" decoding=\"async\" class=\"alignleft size-full wp-image-16616\" src=\"https:\/\/www.bibliotecadeseguranca.com.br\/en\/wp-content\/uploads\/2020\/07\/prevention-des-risques-en-deplacement-professionnel.jpg\" alt=\"Pr\u00e9vention des Risques en D\u00e9placement Professionnel\" width=\"145\" height=\"204\" srcset=\"https:\/\/www.bibliotecadeseguranca.com.br\/en\/wp-content\/uploads\/2020\/07\/prevention-des-risques-en-deplacement-professionnel.jpg 145w, https:\/\/www.bibliotecadeseguranca.com.br\/en\/wp-content\/uploads\/2020\/07\/prevention-des-risques-en-deplacement-professionnel-107x150.jpg 107w\" sizes=\"auto, (max-width: 145px) 100vw, 145px\" \/>AFTM<\/strong><\/span><\/p>\n<p><span style=\"color: #003366;\"><strong>Overview:<\/strong><\/span> Les crises r\u00e9centes, marqu\u00e9es notamment par le terrorisme, ont conduit les entreprises \u00e0 reconsid\u00e9rer les mesures de s\u00fbret\u00e9 qu\u2019elles appliquaient pour assurer la protection des personnes et des biens.<br \/>\nDes dispositifs existaient pr\u00e9c\u00e9demment, qui ont globalement fait la preuve de leur efficacit\u00e9, mais devaient \u00eatre adapt\u00e9s en int\u00e9grant les \u00e9volutions g\u00e9n\u00e9rales de la menace. Le monde est plus impr\u00e9visible que jamais.<br \/>\nDes crises peuvent na\u00eetre tr\u00e8s rapidement, sous des formes vari\u00e9es. Aucun territoire n\u2019est \u00e9pargn\u00e9.<br \/>\nLes enjeux de s\u00fbret\u00e9 apparaissent donc particuli\u00e8rement sensibles et aucune entreprise, qu\u2019elle se d\u00e9ploie sur son territoire national ou \u00e0 l\u2019\u00e9tranger, ne peut en faire d\u00e9sormais raisonnablement l\u2019impasse. Voil\u00e0 pourquoi les questions de s\u00fbret\u00e9 sont aujourd\u2019hui examin\u00e9es sous un angle diff\u00e9rent et suivies avec grande attention. Si la s\u00fbret\u00e9 ne constitue pas le c\u0153ur de m\u00e9tier des entreprises, elle contribue \u00e0<br \/>\nl\u2019\u00e9panouissement de celui-ci.<br \/>\nAussi, doit-elle intervenir, \u00e0 sa juste place, dans les projets que porte une entreprise. Elle doit agir en amont, en \u00e9valuant la menace, en analysant les risques et en proposant des solutions concr\u00e8tes et constructives.<br \/>\nElle doit agir aussi dans la phase de d\u00e9ploiement, notamment en d\u00e9veloppant de solides plans de s\u00fbret\u00e9 et en assistant les voyageurs de l\u2019entreprise. Au final, la s\u00fbret\u00e9 accompagne et s\u00e9curise le d\u00e9veloppement de l\u2019entreprise.<\/p>\n<p><a href=\"https:\/\/www.bibliotecadeseguranca.com.br\/wp-content\/uploads\/2020\/07\/prevention-des-risques-en-deplacement-professionnel.pdf\" target=\"_blank\" rel=\"noopener noreferrer\"><img loading=\"lazy\" decoding=\"async\" class=\"alignleft wp-image-11251 size-full\" src=\"https:\/\/www.bibliotecadeseguranca.com.br\/en\/wp-content\/uploads\/2014\/08\/download.gif\" alt=\"Download\" width=\"89\" height=\"25\" \/><\/a><\/p>\n","protected":false},"excerpt":{"rendered":"<p>AFTM Overview: Les crises r\u00e9centes, marqu\u00e9es notamment par le terrorisme, ont conduit les entreprises \u00e0 reconsid\u00e9rer les mesures de s\u00fbret\u00e9 qu\u2019elles appliquaient pour assurer la protection des personnes et des biens. Des dispositifs existaient pr\u00e9c\u00e9demment, qui ont globalement fait la preuve de leur efficacit\u00e9, mais devaient \u00eatre adapt\u00e9s en int\u00e9grant les \u00e9volutions g\u00e9n\u00e9rales de la menace. Le monde est plus impr\u00e9visible que jamais. Des crises peuvent na\u00eetre tr\u00e8s rapidement, sous&hellip; <\/p>\n","protected":false},"author":3,"featured_media":16616,"comment_status":"open","ping_status":"closed","sticky":false,"template":"","format":"standard","meta":{"footnotes":""},"categories":[6,112,23,109,24,25],"tags":[],"class_list":["post-16615","post","type-post","status-publish","format-standard","has-post-thumbnail","hentry","category-livros","category-download","category-enterprise-security-management","category-francais","category-seguranca-pessoal-e-sequestro","category-seguranca-publica-e-defesa"],"views":275,"_links":{"self":[{"href":"https:\/\/www.bibliotecadeseguranca.com.br\/en\/wp-json\/wp\/v2\/posts\/16615","targetHints":{"allow":["GET"]}}],"collection":[{"href":"https:\/\/www.bibliotecadeseguranca.com.br\/en\/wp-json\/wp\/v2\/posts"}],"about":[{"href":"https:\/\/www.bibliotecadeseguranca.com.br\/en\/wp-json\/wp\/v2\/types\/post"}],"author":[{"embeddable":true,"href":"https:\/\/www.bibliotecadeseguranca.com.br\/en\/wp-json\/wp\/v2\/users\/3"}],"replies":[{"embeddable":true,"href":"https:\/\/www.bibliotecadeseguranca.com.br\/en\/wp-json\/wp\/v2\/comments?post=16615"}],"version-history":[{"count":1,"href":"https:\/\/www.bibliotecadeseguranca.com.br\/en\/wp-json\/wp\/v2\/posts\/16615\/revisions"}],"predecessor-version":[{"id":16617,"href":"https:\/\/www.bibliotecadeseguranca.com.br\/en\/wp-json\/wp\/v2\/posts\/16615\/revisions\/16617"}],"wp:featuredmedia":[{"embeddable":true,"href":"https:\/\/www.bibliotecadeseguranca.com.br\/en\/wp-json\/wp\/v2\/media\/16616"}],"wp:attachment":[{"href":"https:\/\/www.bibliotecadeseguranca.com.br\/en\/wp-json\/wp\/v2\/media?parent=16615"}],"wp:term":[{"taxonomy":"category","embeddable":true,"href":"https:\/\/www.bibliotecadeseguranca.com.br\/en\/wp-json\/wp\/v2\/categories?post=16615"},{"taxonomy":"post_tag","embeddable":true,"href":"https:\/\/www.bibliotecadeseguranca.com.br\/en\/wp-json\/wp\/v2\/tags?post=16615"}],"curies":[{"name":"wp","href":"https:\/\/api.w.org\/{rel}","templated":true}]}}