{"id":16580,"date":"2020-06-23T14:00:29","date_gmt":"2020-06-23T17:00:29","guid":{"rendered":"https:\/\/www.bibliotecadeseguranca.com.br\/en\/?p=16580"},"modified":"2020-06-23T13:00:02","modified_gmt":"2020-06-23T16:00:02","slug":"profesionalizacion-del-personal-de-vigilancia-y-seguridad-privada","status":"publish","type":"post","link":"https:\/\/www.bibliotecadeseguranca.com.br\/en\/livros\/profesionalizacion-del-personal-de-vigilancia-y-seguridad-privada\/","title":{"rendered":"Profesionalizaci\u00f3n del Personal de Vigilancia y Seguridad Privada"},"content":{"rendered":"<p><span style=\"color: #003366;\"><strong><img loading=\"lazy\" decoding=\"async\" class=\"alignleft size-full wp-image-16581\" src=\"https:\/\/www.bibliotecadeseguranca.com.br\/en\/wp-content\/uploads\/2020\/06\/profesionalizacion-del-personal-de-vigilancia-y-seguridad-privada.jpg\" alt=\"Profesionalizaci\u00f3n del Personal de Vigilancia y Seguridad Privada\" width=\"145\" height=\"205\" srcset=\"https:\/\/www.bibliotecadeseguranca.com.br\/en\/wp-content\/uploads\/2020\/06\/profesionalizacion-del-personal-de-vigilancia-y-seguridad-privada.jpg 145w, https:\/\/www.bibliotecadeseguranca.com.br\/en\/wp-content\/uploads\/2020\/06\/profesionalizacion-del-personal-de-vigilancia-y-seguridad-privada-106x150.jpg 106w\" sizes=\"auto, (max-width: 145px) 100vw, 145px\" \/>Carolina Del Pilar Burgos Calder\u00f3n<\/strong><\/span><\/p>\n<p><span style=\"color: #003366;\"><strong>Overview:<\/strong><\/span> Una empresa de vigilancia y seguridad privada se entiende como una sociedad de responsabilidad limitada legalmente constituida, cuyo objeto social consiste en la prestaci\u00f3n remunerada de servicios de vigilancia y seguridad privada, en la modalidad de vigilancia fija, m\u00f3vil y\/o escoltas, mediante la utilizaci\u00f3n de los medios autorizados por la Supervigilancia en el (Decreto 356 de 1994, Articulo 8).<br \/>\nLa finalidad de los servicios de vigilancia y seguridad privada, en cualquiera de sus modalidades, es la de disminuir y prevenir las amenazas que afecten o puedan afectar la vida, la integridad personal o el tranquilo ejercicio de leg\u00edtimos derechos sobre los bienes de las personas que reciben su protecci\u00f3n, sin alterar o perturbar las condiciones para el ejercicio de los derechos y libertades p\u00fablicas de la ciudadan\u00eda y sin invadir la \u00f3rbita de competencia reservada a las autoridades.(Decreto 356 de 1994, T\u00edtulo V, Articulo 73).<br \/>\nSin embargo existe un problema constante, las quejas siempre ser\u00e1n las mismas por parte de los clientes y por parte de la empresa que los contrata: el guarda no cumple con sus funciones, el guarda no cumple ordenes, el guarda se duerme en la noches, el guarda no asisti\u00f3 a laborar o presento su renuncia y no aviso con tiempo, ni presto un preaviso para que la empresa tome las medidas necesarias; por todo esto y m\u00e1s, es muy dif\u00edcil mantener un guarda fijo en la prestaci\u00f3n del servicio, lo que genera inconformidad general para los clientes porque la rotaci\u00f3n hace vulnerable su seguridad y para la empresa porque los gastos de vinculaci\u00f3n y desvinculaci\u00f3n a esta, son altos y perjudiciales para la misma.<\/p>\n<p><a href=\"https:\/\/www.bibliotecadeseguranca.com.br\/wp-content\/uploads\/2020\/06\/profesionalizacion-del-personal-de-vigilancia-y-seguridad-privada.pdf\" target=\"_blank\" rel=\"noopener noreferrer\"><img loading=\"lazy\" decoding=\"async\" class=\"alignleft wp-image-11251 size-full\" src=\"https:\/\/www.bibliotecadeseguranca.com.br\/en\/wp-content\/uploads\/2014\/08\/download.gif\" alt=\"Download\" width=\"89\" height=\"25\" \/><\/a><\/p>\n","protected":false},"excerpt":{"rendered":"<p>Carolina Del Pilar Burgos Calder\u00f3n Overview: Una empresa de vigilancia y seguridad privada se entiende como una sociedad de responsabilidad limitada legalmente constituida, cuyo objeto social consiste en la prestaci\u00f3n remunerada de servicios de vigilancia y seguridad privada, en la modalidad de vigilancia fija, m\u00f3vil y\/o escoltas, mediante la utilizaci\u00f3n de los medios autorizados por la Supervigilancia en el (Decreto 356 de 1994, Articulo 8). La finalidad de los servicios&hellip; <\/p>\n","protected":false},"author":3,"featured_media":16581,"comment_status":"open","ping_status":"closed","sticky":false,"template":"","format":"standard","meta":{"footnotes":""},"categories":[92,6,112,23,81],"tags":[],"class_list":["post-16580","post","type-post","status-publish","format-standard","has-post-thumbnail","hentry","category-trabalho-academico","category-livros","category-download","category-enterprise-security-management","category-espanol"],"views":255,"_links":{"self":[{"href":"https:\/\/www.bibliotecadeseguranca.com.br\/en\/wp-json\/wp\/v2\/posts\/16580","targetHints":{"allow":["GET"]}}],"collection":[{"href":"https:\/\/www.bibliotecadeseguranca.com.br\/en\/wp-json\/wp\/v2\/posts"}],"about":[{"href":"https:\/\/www.bibliotecadeseguranca.com.br\/en\/wp-json\/wp\/v2\/types\/post"}],"author":[{"embeddable":true,"href":"https:\/\/www.bibliotecadeseguranca.com.br\/en\/wp-json\/wp\/v2\/users\/3"}],"replies":[{"embeddable":true,"href":"https:\/\/www.bibliotecadeseguranca.com.br\/en\/wp-json\/wp\/v2\/comments?post=16580"}],"version-history":[{"count":1,"href":"https:\/\/www.bibliotecadeseguranca.com.br\/en\/wp-json\/wp\/v2\/posts\/16580\/revisions"}],"predecessor-version":[{"id":16582,"href":"https:\/\/www.bibliotecadeseguranca.com.br\/en\/wp-json\/wp\/v2\/posts\/16580\/revisions\/16582"}],"wp:featuredmedia":[{"embeddable":true,"href":"https:\/\/www.bibliotecadeseguranca.com.br\/en\/wp-json\/wp\/v2\/media\/16581"}],"wp:attachment":[{"href":"https:\/\/www.bibliotecadeseguranca.com.br\/en\/wp-json\/wp\/v2\/media?parent=16580"}],"wp:term":[{"taxonomy":"category","embeddable":true,"href":"https:\/\/www.bibliotecadeseguranca.com.br\/en\/wp-json\/wp\/v2\/categories?post=16580"},{"taxonomy":"post_tag","embeddable":true,"href":"https:\/\/www.bibliotecadeseguranca.com.br\/en\/wp-json\/wp\/v2\/tags?post=16580"}],"curies":[{"name":"wp","href":"https:\/\/api.w.org\/{rel}","templated":true}]}}