{"id":16405,"date":"2020-04-07T14:00:20","date_gmt":"2020-04-07T17:00:20","guid":{"rendered":"https:\/\/www.bibliotecadeseguranca.com.br\/en\/?p=16405"},"modified":"2020-04-07T12:39:17","modified_gmt":"2020-04-07T15:39:17","slug":"controle-de-fronteiras-no-brasil","status":"publish","type":"post","link":"https:\/\/www.bibliotecadeseguranca.com.br\/en\/livros\/controle-de-fronteiras-no-brasil\/","title":{"rendered":"Controle de Fronteiras no Brasil"},"content":{"rendered":"<p><span style=\"color: #003366;\"><strong><img loading=\"lazy\" decoding=\"async\" class=\"alignleft size-full wp-image-16406\" src=\"https:\/\/www.bibliotecadeseguranca.com.br\/en\/wp-content\/uploads\/2020\/04\/controle-de-fronteiras-no-brasil.jpg\" alt=\"Controle de Fronteiras no Brasil\" width=\"145\" height=\"209\" srcset=\"https:\/\/www.bibliotecadeseguranca.com.br\/en\/wp-content\/uploads\/2020\/04\/controle-de-fronteiras-no-brasil.jpg 145w, https:\/\/www.bibliotecadeseguranca.com.br\/en\/wp-content\/uploads\/2020\/04\/controle-de-fronteiras-no-brasil-104x150.jpg 104w\" sizes=\"auto, (max-width: 145px) 100vw, 145px\" \/>Rafael Francisco Franca<\/strong><\/span><\/p>\n<p><span style=\"color: #003366;\"><strong>Publisher Estante Academica<\/strong><\/span><\/p>\n<p><span style=\"color: #003366;\"><strong>Overview:<\/strong><\/span> Em mat\u00e9ria de seguran\u00e7a p\u00fablica, fica claro que esta n\u00e3o deve ser refor\u00e7ada somente na fronteira terrestre, at\u00e9 porque os fluxos demonstram que enquanto houver demanda haver\u00e1 entrada de produtos il\u00edcitos.<br \/>\nOs gastos equivocados com a realiza\u00e7\u00e3o de opera\u00e7\u00f5es permanentes e sazonais ao mesmo tempo, na verdade, indicam que o uso obtuso dos recursos p\u00fablicos para ganhos eleitoreiros \u00e9 comum a todos os governantes no Brasil. Por isso, seguran\u00e7a p\u00fablica na faixa de fronteiras serve, sim, para a popula\u00e7\u00e3o e para as comunidades que l\u00e1 residem. S\u00e3o exatamente as falhas nas pol\u00edticas p\u00fablicas de seguran\u00e7a (e, tamb\u00e9m, nas pol\u00edticas de seguran\u00e7a p\u00fablica) nos grandes centros que acabam por provocar o aumento na criminalidade nas regi\u00f5es fronteiri\u00e7as. \u00c9 l\u00e1 que os grupos criminosos buscam os itens que comercializam, revendendo-os e lucrando. \u00c9 por isso que se pode dizer que a criminalidade n\u00e3o est\u00e1 na fronteira \u2013 ela usa a fronteira.<br \/>\nRAFAEL FRANCISCO FRAN\u00c7A \u00e9 delegado da Pol\u00edcia Federal desde -2002-. \u00c9 graduado em Direito pela UFSM e especialista em Ci\u00eancia Policial e Investiga\u00e7\u00e3o, em Gest\u00e3o da Seguran\u00e7a P\u00fablica na Sociedade Democr\u00e1tica, em Direito Penal e Processo Penal e em Ci\u00eancias Penais. Mestre em Ci\u00eancias Criminais pela PUC\/RS e doutor em Estudos Estrat\u00e9gicos Internacionais pela UFRGS.<\/p>\n","protected":false},"excerpt":{"rendered":"<p>Rafael Francisco Franca Publisher Estante Academica Overview: Em mat\u00e9ria de seguran\u00e7a p\u00fablica, fica claro que esta n\u00e3o deve ser refor\u00e7ada somente na fronteira terrestre, at\u00e9 porque os fluxos demonstram que enquanto houver demanda haver\u00e1 entrada de produtos il\u00edcitos. Os gastos equivocados com a realiza\u00e7\u00e3o de opera\u00e7\u00f5es permanentes e sazonais ao mesmo tempo, na verdade, indicam que o uso obtuso dos recursos p\u00fablicos para ganhos eleitoreiros \u00e9 comum a todos os&hellip; <\/p>\n","protected":false},"author":3,"featured_media":16406,"comment_status":"open","ping_status":"closed","sticky":false,"template":"","format":"standard","meta":{"footnotes":""},"categories":[6,25],"tags":[],"class_list":["post-16405","post","type-post","status-publish","format-standard","has-post-thumbnail","hentry","category-livros","category-seguranca-publica-e-defesa"],"views":496,"_links":{"self":[{"href":"https:\/\/www.bibliotecadeseguranca.com.br\/en\/wp-json\/wp\/v2\/posts\/16405","targetHints":{"allow":["GET"]}}],"collection":[{"href":"https:\/\/www.bibliotecadeseguranca.com.br\/en\/wp-json\/wp\/v2\/posts"}],"about":[{"href":"https:\/\/www.bibliotecadeseguranca.com.br\/en\/wp-json\/wp\/v2\/types\/post"}],"author":[{"embeddable":true,"href":"https:\/\/www.bibliotecadeseguranca.com.br\/en\/wp-json\/wp\/v2\/users\/3"}],"replies":[{"embeddable":true,"href":"https:\/\/www.bibliotecadeseguranca.com.br\/en\/wp-json\/wp\/v2\/comments?post=16405"}],"version-history":[{"count":1,"href":"https:\/\/www.bibliotecadeseguranca.com.br\/en\/wp-json\/wp\/v2\/posts\/16405\/revisions"}],"predecessor-version":[{"id":16407,"href":"https:\/\/www.bibliotecadeseguranca.com.br\/en\/wp-json\/wp\/v2\/posts\/16405\/revisions\/16407"}],"wp:featuredmedia":[{"embeddable":true,"href":"https:\/\/www.bibliotecadeseguranca.com.br\/en\/wp-json\/wp\/v2\/media\/16406"}],"wp:attachment":[{"href":"https:\/\/www.bibliotecadeseguranca.com.br\/en\/wp-json\/wp\/v2\/media?parent=16405"}],"wp:term":[{"taxonomy":"category","embeddable":true,"href":"https:\/\/www.bibliotecadeseguranca.com.br\/en\/wp-json\/wp\/v2\/categories?post=16405"},{"taxonomy":"post_tag","embeddable":true,"href":"https:\/\/www.bibliotecadeseguranca.com.br\/en\/wp-json\/wp\/v2\/tags?post=16405"}],"curies":[{"name":"wp","href":"https:\/\/api.w.org\/{rel}","templated":true}]}}